{"id":1024,"date":"2015-07-31T06:15:17","date_gmt":"2015-07-31T06:15:17","guid":{"rendered":"http:\/\/ville-sous-anjou.fr\/?p=1024"},"modified":"2015-07-31T06:15:17","modified_gmt":"2015-07-31T06:15:17","slug":"information-de-la-mairie-pour-la-rentree-2015","status":"publish","type":"post","link":"https:\/\/ville-sous-anjou.fr\/?p=1024","title":{"rendered":"Information de la Mairie pour la rentr\u00e9e 2015"},"content":{"rendered":"<p>Les familles qui souhaitent inscrire leur(s) enfant(s) \u00e0 la garderie p\u00e9riscolaire, la cantine ou le car, pour la semaine de la rentr\u00e9e (1<sup>er<\/sup> septembre) doivent le faire \u00e0 l\u2019aide des coupons habituels <strong>avant le 15<\/strong> <strong>ao\u00fbt.<\/strong><\/p>\n<p>Les inscriptions sont \u00e0 d\u00e9poser dans la bo\u00eete aux lettres de la mairie .Si besoin, des coupons d\u2019inscription sont disponibles en mairie.<\/p>\n<p>&nbsp;<\/p>\n","protected":false},"excerpt":{"rendered":"<p>Les familles qui souhaitent inscrire leur(s) enfant(s) \u00e0 la garderie p\u00e9riscolaire, la cantine ou le car, pour la semaine de la rentr\u00e9e (1er septembre) doivent le faire \u00e0 l\u2019aide des coupons habituels avant le 15 ao\u00fbt. Les inscriptions sont \u00e0 d\u00e9poser dans la bo\u00eete aux lettres de la mairie .Si [&hellip;]<\/p>\n","protected":false},"author":1,"featured_media":1025,"comment_status":"closed","ping_status":"closed","sticky":false,"template":"","format":"standard","meta":{"_exactmetrics_skip_tracking":false,"_exactmetrics_sitenote_active":false,"_exactmetrics_sitenote_note":"","_exactmetrics_sitenote_category":0,"footnotes":""},"categories":[12],"tags":[],"class_list":["post-1024","post","type-post","status-publish","format-standard","has-post-thumbnail","hentry","category-lecole"],"_links":{"self":[{"href":"https:\/\/ville-sous-anjou.fr\/index.php?rest_route=\/wp\/v2\/posts\/1024","targetHints":{"allow":["GET"]}}],"collection":[{"href":"https:\/\/ville-sous-anjou.fr\/index.php?rest_route=\/wp\/v2\/posts"}],"about":[{"href":"https:\/\/ville-sous-anjou.fr\/index.php?rest_route=\/wp\/v2\/types\/post"}],"author":[{"embeddable":true,"href":"https:\/\/ville-sous-anjou.fr\/index.php?rest_route=\/wp\/v2\/users\/1"}],"replies":[{"embeddable":true,"href":"https:\/\/ville-sous-anjou.fr\/index.php?rest_route=%2Fwp%2Fv2%2Fcomments&post=1024"}],"version-history":[{"count":1,"href":"https:\/\/ville-sous-anjou.fr\/index.php?rest_route=\/wp\/v2\/posts\/1024\/revisions"}],"predecessor-version":[{"id":1026,"href":"https:\/\/ville-sous-anjou.fr\/index.php?rest_route=\/wp\/v2\/posts\/1024\/revisions\/1026"}],"wp:featuredmedia":[{"embeddable":true,"href":"https:\/\/ville-sous-anjou.fr\/index.php?rest_route=\/wp\/v2\/media\/1025"}],"wp:attachment":[{"href":"https:\/\/ville-sous-anjou.fr\/index.php?rest_route=%2Fwp%2Fv2%2Fmedia&parent=1024"}],"wp:term":[{"taxonomy":"category","embeddable":true,"href":"https:\/\/ville-sous-anjou.fr\/index.php?rest_route=%2Fwp%2Fv2%2Fcategories&post=1024"},{"taxonomy":"post_tag","embeddable":true,"href":"https:\/\/ville-sous-anjou.fr\/index.php?rest_route=%2Fwp%2Fv2%2Ftags&post=1024"}],"curies":[{"name":"wp","href":"https:\/\/api.w.org\/{rel}","templated":true}]}}