{"id":1027,"date":"2015-08-03T06:22:34","date_gmt":"2015-08-03T06:22:34","guid":{"rendered":"http:\/\/ville-sous-anjou.fr\/?p=1027"},"modified":"2015-08-03T06:22:34","modified_gmt":"2015-08-03T06:22:34","slug":"revision-exceptionnelle-des-listes-electorales-en-2015","status":"publish","type":"post","link":"https:\/\/ville-sous-anjou.fr\/?p=1027","title":{"rendered":"R\u00e9vision exceptionnelle des listes \u00e9lectorales en 2015"},"content":{"rendered":"<p>Afin de permettre au plus grand nombre de citoyens d&rsquo;\u00eatre inscrit sur les listes \u00e9lectorales et ainsi de participer aux \u00e9lections r\u00e9gionales en d\u00e9cembre 2015, les demandes d\u2019inscriptions d\u00e9pos\u00e9es entre le 1er janvier et le 30 septembre 2015 seront prises en consid\u00e9ration.<\/p>\n<p>Vous pouvez consulter l&rsquo;avis de r\u00e9vision en le <a href=\"http:\/\/ville-sous-anjou.fr\/wp-content\/uploads\/2015\/08\/Avis-r\u00e9vision-2015-2016-.pdf\" target=\"_blank\">t\u00e9l\u00e9chargent ici<\/a><\/p>\n","protected":false},"excerpt":{"rendered":"<p>Afin de permettre au plus grand nombre de citoyens d&rsquo;\u00eatre inscrit sur les listes \u00e9lectorales et ainsi de participer aux \u00e9lections r\u00e9gionales en d\u00e9cembre 2015, les demandes d\u2019inscriptions d\u00e9pos\u00e9es entre le 1er janvier et le 30 septembre 2015 seront prises en consid\u00e9ration. Vous pouvez consulter l&rsquo;avis de r\u00e9vision en le [&hellip;]<\/p>\n","protected":false},"author":1,"featured_media":1029,"comment_status":"closed","ping_status":"closed","sticky":false,"template":"","format":"standard","meta":{"_exactmetrics_skip_tracking":false,"_exactmetrics_sitenote_active":false,"_exactmetrics_sitenote_note":"","_exactmetrics_sitenote_category":0,"footnotes":""},"categories":[13],"tags":[],"class_list":["post-1027","post","type-post","status-publish","format-standard","has-post-thumbnail","hentry","category-elections"],"_links":{"self":[{"href":"https:\/\/ville-sous-anjou.fr\/index.php?rest_route=\/wp\/v2\/posts\/1027","targetHints":{"allow":["GET"]}}],"collection":[{"href":"https:\/\/ville-sous-anjou.fr\/index.php?rest_route=\/wp\/v2\/posts"}],"about":[{"href":"https:\/\/ville-sous-anjou.fr\/index.php?rest_route=\/wp\/v2\/types\/post"}],"author":[{"embeddable":true,"href":"https:\/\/ville-sous-anjou.fr\/index.php?rest_route=\/wp\/v2\/users\/1"}],"replies":[{"embeddable":true,"href":"https:\/\/ville-sous-anjou.fr\/index.php?rest_route=%2Fwp%2Fv2%2Fcomments&post=1027"}],"version-history":[{"count":1,"href":"https:\/\/ville-sous-anjou.fr\/index.php?rest_route=\/wp\/v2\/posts\/1027\/revisions"}],"predecessor-version":[{"id":1030,"href":"https:\/\/ville-sous-anjou.fr\/index.php?rest_route=\/wp\/v2\/posts\/1027\/revisions\/1030"}],"wp:featuredmedia":[{"embeddable":true,"href":"https:\/\/ville-sous-anjou.fr\/index.php?rest_route=\/wp\/v2\/media\/1029"}],"wp:attachment":[{"href":"https:\/\/ville-sous-anjou.fr\/index.php?rest_route=%2Fwp%2Fv2%2Fmedia&parent=1027"}],"wp:term":[{"taxonomy":"category","embeddable":true,"href":"https:\/\/ville-sous-anjou.fr\/index.php?rest_route=%2Fwp%2Fv2%2Fcategories&post=1027"},{"taxonomy":"post_tag","embeddable":true,"href":"https:\/\/ville-sous-anjou.fr\/index.php?rest_route=%2Fwp%2Fv2%2Ftags&post=1027"}],"curies":[{"name":"wp","href":"https:\/\/api.w.org\/{rel}","templated":true}]}}