{"id":1052,"date":"2015-09-17T08:02:31","date_gmt":"2015-09-17T08:02:31","guid":{"rendered":"http:\/\/ville-sous-anjou.fr\/?p=1052"},"modified":"2015-09-17T08:05:57","modified_gmt":"2015-09-17T08:05:57","slug":"19-et-20-septembre-2015-journees-europeennes-du-patrimoine-a-ville-sous-anjou","status":"publish","type":"post","link":"https:\/\/ville-sous-anjou.fr\/?p=1052","title":{"rendered":"19 et 20 septembre 2015 Journ\u00e9es Europ\u00e9ennes du Patrimoine \u00e0 Ville sous Anjou."},"content":{"rendered":"<p><strong>\u00a0<\/strong><\/p>\n<p><strong><u>Chapelle de Terrebasse<\/u><\/strong>\u00a0( hameau de Ville dans le cimeti\u00e8re)\u00a0:<\/p>\n<p>De la chapelle de style gothique flamboyant construite au Moyen-Age par la famille Roussillon-Anjou, subsistent des vestiges \u00e0 ciel ouvert aujourd\u2019hui class\u00e9s Monument Historique.<!--more--><\/p>\n<p><a href=\"http:\/\/ville-sous-anjou.fr\/wp-content\/uploads\/2015\/09\/chapellet.jpg\"><img loading=\"lazy\" decoding=\"async\" class=\"size-medium wp-image-1054 alignleft\" src=\"http:\/\/ville-sous-anjou.fr\/wp-content\/uploads\/2015\/09\/chapellet-225x300.jpg\" alt=\"chapellet\" width=\"225\" height=\"300\" srcset=\"https:\/\/ville-sous-anjou.fr\/wp-content\/uploads\/2015\/09\/chapellet-225x300.jpg 225w, https:\/\/ville-sous-anjou.fr\/wp-content\/uploads\/2015\/09\/chapellet.jpg 234w\" sizes=\"auto, (max-width: 225px) 100vw, 225px\" \/><\/a><\/p>\n<p>Visite libre, sur le site, grille d\u2019exposition r\u00e9alis\u00e9e par la section M\u00e9moire et Patrimoine sur l\u2019histoire de la chapelle.<\/p>\n<p>&nbsp;<\/p>\n<p>&nbsp;<\/p>\n<p>&nbsp;<\/p>\n<p>&nbsp;<\/p>\n<p>&nbsp;<\/p>\n<p>&nbsp;<\/p>\n<p>&nbsp;<\/p>\n<p>&nbsp;<\/p>\n<p>&nbsp;<\/p>\n<p>&nbsp;<\/p>\n<p><strong><u>Vitrine arch\u00e9ologique \u00e0 la Mairie\u00a0:<\/u><\/strong><\/p>\n<p>Cette vitrine pr\u00e9sente des vases fun\u00e9raires des 12<sup>\u00e8me<\/sup> et 13<sup>\u00e8me<\/sup> si\u00e8cles appel\u00e9s \u00ab\u00a0p\u00e9gaux\u00a0\u00bb et des pi\u00e8ces romaines. Visite libre samedi de 10h \u00e0 12h.<\/p>\n<p><a href=\"http:\/\/ville-sous-anjou.fr\/wp-content\/uploads\/2015\/09\/vitirne.jpg\"><img loading=\"lazy\" decoding=\"async\" class=\"alignnone size-medium wp-image-1053\" src=\"http:\/\/ville-sous-anjou.fr\/wp-content\/uploads\/2015\/09\/vitirne-200x300.jpg\" alt=\"vitirne\" width=\"200\" height=\"300\" srcset=\"https:\/\/ville-sous-anjou.fr\/wp-content\/uploads\/2015\/09\/vitirne-200x300.jpg 200w, https:\/\/ville-sous-anjou.fr\/wp-content\/uploads\/2015\/09\/vitirne.jpg 229w\" sizes=\"auto, (max-width: 200px) 100vw, 200px\" \/><\/a><\/p>\n","protected":false},"excerpt":{"rendered":"<p>\u00a0 Chapelle de Terrebasse\u00a0( hameau de Ville dans le cimeti\u00e8re)\u00a0: De la chapelle de style gothique flamboyant construite au Moyen-Age par la famille Roussillon-Anjou, subsistent des vestiges \u00e0 ciel ouvert aujourd\u2019hui class\u00e9s Monument Historique.<\/p>\n","protected":false},"author":1,"featured_media":1057,"comment_status":"closed","ping_status":"closed","sticky":false,"template":"","format":"standard","meta":{"_exactmetrics_skip_tracking":false,"_exactmetrics_sitenote_active":false,"_exactmetrics_sitenote_note":"","_exactmetrics_sitenote_category":0,"footnotes":""},"categories":[11],"tags":[],"class_list":["post-1052","post","type-post","status-publish","format-standard","has-post-thumbnail","hentry","category-loisirs"],"_links":{"self":[{"href":"https:\/\/ville-sous-anjou.fr\/index.php?rest_route=\/wp\/v2\/posts\/1052","targetHints":{"allow":["GET"]}}],"collection":[{"href":"https:\/\/ville-sous-anjou.fr\/index.php?rest_route=\/wp\/v2\/posts"}],"about":[{"href":"https:\/\/ville-sous-anjou.fr\/index.php?rest_route=\/wp\/v2\/types\/post"}],"author":[{"embeddable":true,"href":"https:\/\/ville-sous-anjou.fr\/index.php?rest_route=\/wp\/v2\/users\/1"}],"replies":[{"embeddable":true,"href":"https:\/\/ville-sous-anjou.fr\/index.php?rest_route=%2Fwp%2Fv2%2Fcomments&post=1052"}],"version-history":[{"count":2,"href":"https:\/\/ville-sous-anjou.fr\/index.php?rest_route=\/wp\/v2\/posts\/1052\/revisions"}],"predecessor-version":[{"id":1056,"href":"https:\/\/ville-sous-anjou.fr\/index.php?rest_route=\/wp\/v2\/posts\/1052\/revisions\/1056"}],"wp:featuredmedia":[{"embeddable":true,"href":"https:\/\/ville-sous-anjou.fr\/index.php?rest_route=\/wp\/v2\/media\/1057"}],"wp:attachment":[{"href":"https:\/\/ville-sous-anjou.fr\/index.php?rest_route=%2Fwp%2Fv2%2Fmedia&parent=1052"}],"wp:term":[{"taxonomy":"category","embeddable":true,"href":"https:\/\/ville-sous-anjou.fr\/index.php?rest_route=%2Fwp%2Fv2%2Fcategories&post=1052"},{"taxonomy":"post_tag","embeddable":true,"href":"https:\/\/ville-sous-anjou.fr\/index.php?rest_route=%2Fwp%2Fv2%2Ftags&post=1052"}],"curies":[{"name":"wp","href":"https:\/\/api.w.org\/{rel}","templated":true}]}}