{"id":1188,"date":"2016-03-14T07:25:49","date_gmt":"2016-03-14T07:25:49","guid":{"rendered":"http:\/\/ville-sous-anjou.fr\/?p=1188"},"modified":"2016-03-31T07:06:14","modified_gmt":"2016-03-31T07:06:14","slug":"operation-village-propre-2","status":"publish","type":"post","link":"https:\/\/ville-sous-anjou.fr\/?p=1188","title":{"rendered":"Op\u00e9ration \u00ab village propre \u00bb"},"content":{"rendered":"<p style=\"text-align: justify;\">La commission communale \u00ab\u00a0environnement\u00a0\u00bb propose aux habitants une op\u00e9ration \u00ab\u00a0Nature propre\u00a0\u00bb <strong>le samedi matin\u00a026 mars 2016<\/strong>. Il s\u2019agit de sillonner la commune pour \u00e9liminer le maximum de d\u00e9chets d\u00e9pos\u00e9s le long des routes et chemins. Rendez vous <strong>\u00e0 8h00 place de la Mairie<\/strong>, se munir d\u2019un gilet fluo, les \u00e9quipements individuels (gants, sacs) seront fournis. Les enfants qui souhaitent participer devront \u00eatre accompagn\u00e9s.<\/p>\n<p style=\"text-align: justify;\">Affiche \u00e0 <a href=\"http:\/\/ville-sous-anjou.fr\/wp-content\/uploads\/2016\/03\/2016-03-26-village-propre-VSA.pdf\" target=\"_blank\">t\u00e9l\u00e9charger ici<\/a><\/p>\n<p style=\"text-align: justify;\">\n","protected":false},"excerpt":{"rendered":"<p>La commission communale \u00ab\u00a0environnement\u00a0\u00bb propose aux habitants une op\u00e9ration \u00ab\u00a0Nature propre\u00a0\u00bb le samedi matin\u00a026 mars 2016. Il s\u2019agit de sillonner la commune pour \u00e9liminer le maximum de d\u00e9chets d\u00e9pos\u00e9s le long des routes et chemins. Rendez vous \u00e0 8h00 place de la Mairie, se munir d\u2019un gilet fluo, les \u00e9quipements [&hellip;]<\/p>\n","protected":false},"author":1,"featured_media":926,"comment_status":"closed","ping_status":"closed","sticky":false,"template":"","format":"standard","meta":{"_exactmetrics_skip_tracking":false,"_exactmetrics_sitenote_active":false,"_exactmetrics_sitenote_note":"","_exactmetrics_sitenote_category":0,"footnotes":""},"categories":[9],"tags":[],"class_list":["post-1188","post","type-post","status-publish","format-standard","has-post-thumbnail","hentry","category-environnement"],"_links":{"self":[{"href":"https:\/\/ville-sous-anjou.fr\/index.php?rest_route=\/wp\/v2\/posts\/1188","targetHints":{"allow":["GET"]}}],"collection":[{"href":"https:\/\/ville-sous-anjou.fr\/index.php?rest_route=\/wp\/v2\/posts"}],"about":[{"href":"https:\/\/ville-sous-anjou.fr\/index.php?rest_route=\/wp\/v2\/types\/post"}],"author":[{"embeddable":true,"href":"https:\/\/ville-sous-anjou.fr\/index.php?rest_route=\/wp\/v2\/users\/1"}],"replies":[{"embeddable":true,"href":"https:\/\/ville-sous-anjou.fr\/index.php?rest_route=%2Fwp%2Fv2%2Fcomments&post=1188"}],"version-history":[{"count":2,"href":"https:\/\/ville-sous-anjou.fr\/index.php?rest_route=\/wp\/v2\/posts\/1188\/revisions"}],"predecessor-version":[{"id":1200,"href":"https:\/\/ville-sous-anjou.fr\/index.php?rest_route=\/wp\/v2\/posts\/1188\/revisions\/1200"}],"wp:featuredmedia":[{"embeddable":true,"href":"https:\/\/ville-sous-anjou.fr\/index.php?rest_route=\/wp\/v2\/media\/926"}],"wp:attachment":[{"href":"https:\/\/ville-sous-anjou.fr\/index.php?rest_route=%2Fwp%2Fv2%2Fmedia&parent=1188"}],"wp:term":[{"taxonomy":"category","embeddable":true,"href":"https:\/\/ville-sous-anjou.fr\/index.php?rest_route=%2Fwp%2Fv2%2Fcategories&post=1188"},{"taxonomy":"post_tag","embeddable":true,"href":"https:\/\/ville-sous-anjou.fr\/index.php?rest_route=%2Fwp%2Fv2%2Ftags&post=1188"}],"curies":[{"name":"wp","href":"https:\/\/api.w.org\/{rel}","templated":true}]}}