{"id":1208,"date":"2016-03-31T06:59:29","date_gmt":"2016-03-31T06:59:29","guid":{"rendered":"http:\/\/ville-sous-anjou.fr\/?p=1208"},"modified":"2016-03-31T06:59:29","modified_gmt":"2016-03-31T06:59:29","slug":"le-passparout-2016","status":"publish","type":"post","link":"https:\/\/ville-sous-anjou.fr\/?p=1208","title":{"rendered":"Le Pass\u2019Parout 2016"},"content":{"rendered":"<p style=\"text-align: left;\"><strong>Le Pass\u2019Parout 2016 <\/strong>est paru. Notre bulletin municipal vous informe sur la vie communale, associative, l\u2019intercommunalit\u00e9, sans oublier les informations pratiques pour votre quotidien.<\/p>\n<p style=\"text-align: center;\"><a title=\"Le bulletin d'information communale 2015\" href=\"http:\/\/ville-sous-anjou.fr\/wp-content\/uploads\/2016\/03\/bulletin_VILLE-SOUS-ANJOU_2016_BD.pdf\" target=\"_blank\">V<em>ous pouvez le t\u00e9l\u00e9charger ici.<\/em><\/a><\/p>\n","protected":false},"excerpt":{"rendered":"<p>Le Pass\u2019Parout 2016 est paru. Notre bulletin municipal vous informe sur la vie communale, associative, l\u2019intercommunalit\u00e9, sans oublier les informations pratiques pour votre quotidien. Vous pouvez le t\u00e9l\u00e9charger ici.<\/p>\n","protected":false},"author":1,"featured_media":1209,"comment_status":"closed","ping_status":"closed","sticky":false,"template":"","format":"standard","meta":{"_exactmetrics_skip_tracking":false,"_exactmetrics_sitenote_active":false,"_exactmetrics_sitenote_note":"","_exactmetrics_sitenote_category":0,"footnotes":""},"categories":[2],"tags":[],"class_list":["post-1208","post","type-post","status-publish","format-standard","has-post-thumbnail","hentry","category-actu"],"_links":{"self":[{"href":"https:\/\/ville-sous-anjou.fr\/index.php?rest_route=\/wp\/v2\/posts\/1208","targetHints":{"allow":["GET"]}}],"collection":[{"href":"https:\/\/ville-sous-anjou.fr\/index.php?rest_route=\/wp\/v2\/posts"}],"about":[{"href":"https:\/\/ville-sous-anjou.fr\/index.php?rest_route=\/wp\/v2\/types\/post"}],"author":[{"embeddable":true,"href":"https:\/\/ville-sous-anjou.fr\/index.php?rest_route=\/wp\/v2\/users\/1"}],"replies":[{"embeddable":true,"href":"https:\/\/ville-sous-anjou.fr\/index.php?rest_route=%2Fwp%2Fv2%2Fcomments&post=1208"}],"version-history":[{"count":2,"href":"https:\/\/ville-sous-anjou.fr\/index.php?rest_route=\/wp\/v2\/posts\/1208\/revisions"}],"predecessor-version":[{"id":1211,"href":"https:\/\/ville-sous-anjou.fr\/index.php?rest_route=\/wp\/v2\/posts\/1208\/revisions\/1211"}],"wp:featuredmedia":[{"embeddable":true,"href":"https:\/\/ville-sous-anjou.fr\/index.php?rest_route=\/wp\/v2\/media\/1209"}],"wp:attachment":[{"href":"https:\/\/ville-sous-anjou.fr\/index.php?rest_route=%2Fwp%2Fv2%2Fmedia&parent=1208"}],"wp:term":[{"taxonomy":"category","embeddable":true,"href":"https:\/\/ville-sous-anjou.fr\/index.php?rest_route=%2Fwp%2Fv2%2Fcategories&post=1208"},{"taxonomy":"post_tag","embeddable":true,"href":"https:\/\/ville-sous-anjou.fr\/index.php?rest_route=%2Fwp%2Fv2%2Ftags&post=1208"}],"curies":[{"name":"wp","href":"https:\/\/api.w.org\/{rel}","templated":true}]}}