{"id":1260,"date":"2016-05-23T07:17:55","date_gmt":"2016-05-23T07:17:55","guid":{"rendered":"http:\/\/ville-sous-anjou.fr\/?p=1260"},"modified":"2016-05-23T07:18:23","modified_gmt":"2016-05-23T07:18:23","slug":"fermeture-le-dimanche-de-la-dechetterie-de-salaise-sur-sanne","status":"publish","type":"post","link":"https:\/\/ville-sous-anjou.fr\/?p=1260","title":{"rendered":"Fermeture le dimanche de la d\u00e9chetterie de Salaise-sur-Sanne."},"content":{"rendered":"<p><strong>La d\u00e9chetterie de Salaise-sur-Sanne sera ferm\u00e9e tous les dimanches \u00e0 partir du mois de juin 2016. Elle continue d\u2019accueillir le public du lundi au samedi aux horaires habituels d\u2019ouverture.<\/strong><\/p>\n<p><!--more--><\/p>\n<p>La liste des d\u00e9chets accept\u00e9s reste inchang\u00e9e\u00a0: encombrants, d\u00e9chets d\u2019\u00e9quipements \u00e9lectriques et \u00e9lectroniques, ferraille, papiers et cartons, gravats, verre, huiles usag\u00e9es, d\u00e9chets verts, d\u00e9chets m\u00e9nagers sp\u00e9ciaux (peintures, solvants, acides, n\u00e9ons, produits phytosanitaires, batteries, piles&#8230;)<\/p>\n<p>&nbsp;<\/p>\n<p><strong>Renseignements\u00a0:<\/strong><\/p>\n<p><strong>Communaut\u00e9 de Communes du Pays Roussillonnais<\/strong><\/p>\n<p><strong>Service environnement<\/strong><\/p>\n<p>T\u00e9l\u00a0: 04 74 29 31 15<\/p>\n<p><a href=\"mailto:ambassadeur@ccpaysroussillonnais.fr\">ambassadeur@ccpaysroussillonnais.fr<\/a><\/p>\n","protected":false},"excerpt":{"rendered":"<p>La d\u00e9chetterie de Salaise-sur-Sanne sera ferm\u00e9e tous les dimanches \u00e0 partir du mois de juin 2016. Elle continue d\u2019accueillir le public du lundi au samedi aux horaires habituels d\u2019ouverture.<\/p>\n","protected":false},"author":1,"featured_media":1261,"comment_status":"closed","ping_status":"closed","sticky":false,"template":"","format":"standard","meta":{"_exactmetrics_skip_tracking":false,"_exactmetrics_sitenote_active":false,"_exactmetrics_sitenote_note":"","_exactmetrics_sitenote_category":0,"footnotes":""},"categories":[9],"tags":[],"class_list":["post-1260","post","type-post","status-publish","format-standard","has-post-thumbnail","hentry","category-environnement"],"_links":{"self":[{"href":"https:\/\/ville-sous-anjou.fr\/index.php?rest_route=\/wp\/v2\/posts\/1260","targetHints":{"allow":["GET"]}}],"collection":[{"href":"https:\/\/ville-sous-anjou.fr\/index.php?rest_route=\/wp\/v2\/posts"}],"about":[{"href":"https:\/\/ville-sous-anjou.fr\/index.php?rest_route=\/wp\/v2\/types\/post"}],"author":[{"embeddable":true,"href":"https:\/\/ville-sous-anjou.fr\/index.php?rest_route=\/wp\/v2\/users\/1"}],"replies":[{"embeddable":true,"href":"https:\/\/ville-sous-anjou.fr\/index.php?rest_route=%2Fwp%2Fv2%2Fcomments&post=1260"}],"version-history":[{"count":2,"href":"https:\/\/ville-sous-anjou.fr\/index.php?rest_route=\/wp\/v2\/posts\/1260\/revisions"}],"predecessor-version":[{"id":1263,"href":"https:\/\/ville-sous-anjou.fr\/index.php?rest_route=\/wp\/v2\/posts\/1260\/revisions\/1263"}],"wp:featuredmedia":[{"embeddable":true,"href":"https:\/\/ville-sous-anjou.fr\/index.php?rest_route=\/wp\/v2\/media\/1261"}],"wp:attachment":[{"href":"https:\/\/ville-sous-anjou.fr\/index.php?rest_route=%2Fwp%2Fv2%2Fmedia&parent=1260"}],"wp:term":[{"taxonomy":"category","embeddable":true,"href":"https:\/\/ville-sous-anjou.fr\/index.php?rest_route=%2Fwp%2Fv2%2Fcategories&post=1260"},{"taxonomy":"post_tag","embeddable":true,"href":"https:\/\/ville-sous-anjou.fr\/index.php?rest_route=%2Fwp%2Fv2%2Ftags&post=1260"}],"curies":[{"name":"wp","href":"https:\/\/api.w.org\/{rel}","templated":true}]}}