{"id":1348,"date":"2016-08-10T06:50:00","date_gmt":"2016-08-10T06:50:00","guid":{"rendered":"http:\/\/ville-sous-anjou.fr\/?p=1348"},"modified":"2016-09-27T14:17:16","modified_gmt":"2016-09-27T14:17:16","slug":"nouvelles-activites-a-la-rentree-au-centre-social-les-4-vents","status":"publish","type":"post","link":"https:\/\/ville-sous-anjou.fr\/?p=1348","title":{"rendered":"Nouvelles activit\u00e9s \u00e0 la rentr\u00e9e au centre social \u00ab\u00a0Les 4 vents\u00a0\u00bb"},"content":{"rendered":"<p>A partir de septembre 2016, le Centre Social Les 4 Vents proposera 3 nouvelles activit\u00e9s de loisirs destin\u00e9es aux adultes.<\/p>\n<p>Pour en savoir plus, consultez la plaquette sp\u00e9cifique <a href=\"http:\/\/ville-sous-anjou.fr\/wp-content\/uploads\/2016\/08\/Activit\u00e9s-loisirs-adultes-2016-2017.pdf\" target=\"_blank\">\u00ab\u00a0<strong>Activit\u00e9s loisirs adultes<\/strong>\u00ab\u00a0<\/a>.<\/p>\n<p>&nbsp;<\/p>\n","protected":false},"excerpt":{"rendered":"<p>A partir de septembre 2016, le Centre Social Les 4 Vents proposera 3 nouvelles activit\u00e9s de loisirs destin\u00e9es aux adultes. Pour en savoir plus, consultez la plaquette sp\u00e9cifique \u00ab\u00a0Activit\u00e9s loisirs adultes\u00ab\u00a0. &nbsp;<\/p>\n","protected":false},"author":1,"featured_media":1351,"comment_status":"closed","ping_status":"closed","sticky":false,"template":"","format":"standard","meta":{"_exactmetrics_skip_tracking":false,"_exactmetrics_sitenote_active":false,"_exactmetrics_sitenote_note":"","_exactmetrics_sitenote_category":0,"footnotes":""},"categories":[16],"tags":[],"class_list":["post-1348","post","type-post","status-publish","format-standard","has-post-thumbnail","hentry","category-social"],"_links":{"self":[{"href":"https:\/\/ville-sous-anjou.fr\/index.php?rest_route=\/wp\/v2\/posts\/1348","targetHints":{"allow":["GET"]}}],"collection":[{"href":"https:\/\/ville-sous-anjou.fr\/index.php?rest_route=\/wp\/v2\/posts"}],"about":[{"href":"https:\/\/ville-sous-anjou.fr\/index.php?rest_route=\/wp\/v2\/types\/post"}],"author":[{"embeddable":true,"href":"https:\/\/ville-sous-anjou.fr\/index.php?rest_route=\/wp\/v2\/users\/1"}],"replies":[{"embeddable":true,"href":"https:\/\/ville-sous-anjou.fr\/index.php?rest_route=%2Fwp%2Fv2%2Fcomments&post=1348"}],"version-history":[{"count":1,"href":"https:\/\/ville-sous-anjou.fr\/index.php?rest_route=\/wp\/v2\/posts\/1348\/revisions"}],"predecessor-version":[{"id":1352,"href":"https:\/\/ville-sous-anjou.fr\/index.php?rest_route=\/wp\/v2\/posts\/1348\/revisions\/1352"}],"wp:featuredmedia":[{"embeddable":true,"href":"https:\/\/ville-sous-anjou.fr\/index.php?rest_route=\/wp\/v2\/media\/1351"}],"wp:attachment":[{"href":"https:\/\/ville-sous-anjou.fr\/index.php?rest_route=%2Fwp%2Fv2%2Fmedia&parent=1348"}],"wp:term":[{"taxonomy":"category","embeddable":true,"href":"https:\/\/ville-sous-anjou.fr\/index.php?rest_route=%2Fwp%2Fv2%2Fcategories&post=1348"},{"taxonomy":"post_tag","embeddable":true,"href":"https:\/\/ville-sous-anjou.fr\/index.php?rest_route=%2Fwp%2Fv2%2Ftags&post=1348"}],"curies":[{"name":"wp","href":"https:\/\/api.w.org\/{rel}","templated":true}]}}