{"id":1358,"date":"2016-09-12T05:38:58","date_gmt":"2016-09-12T05:38:58","guid":{"rendered":"http:\/\/ville-sous-anjou.fr\/?p=1358"},"modified":"2016-09-12T05:43:16","modified_gmt":"2016-09-12T05:43:16","slug":"journee-europeenne-du-patrimoine","status":"publish","type":"post","link":"https:\/\/ville-sous-anjou.fr\/?p=1358","title":{"rendered":"Journ\u00e9e Europ\u00e9enne du Patrimoine"},"content":{"rendered":"<p>Le programme est \u00e0 t\u00e9l\u00e9charger <a href=\"http:\/\/ville-sous-anjou.fr\/wp-content\/uploads\/2016\/08\/JEP-2016.pdf\" target=\"_blank\">ici!<\/a><\/p>\n","protected":false},"excerpt":{"rendered":"<p>Le programme est \u00e0 t\u00e9l\u00e9charger ici!<\/p>\n","protected":false},"author":1,"featured_media":1366,"comment_status":"closed","ping_status":"closed","sticky":false,"template":"","format":"standard","meta":{"_exactmetrics_skip_tracking":false,"_exactmetrics_sitenote_active":false,"_exactmetrics_sitenote_note":"","_exactmetrics_sitenote_category":0,"footnotes":""},"categories":[11],"tags":[],"class_list":["post-1358","post","type-post","status-publish","format-standard","has-post-thumbnail","hentry","category-loisirs"],"_links":{"self":[{"href":"https:\/\/ville-sous-anjou.fr\/index.php?rest_route=\/wp\/v2\/posts\/1358","targetHints":{"allow":["GET"]}}],"collection":[{"href":"https:\/\/ville-sous-anjou.fr\/index.php?rest_route=\/wp\/v2\/posts"}],"about":[{"href":"https:\/\/ville-sous-anjou.fr\/index.php?rest_route=\/wp\/v2\/types\/post"}],"author":[{"embeddable":true,"href":"https:\/\/ville-sous-anjou.fr\/index.php?rest_route=\/wp\/v2\/users\/1"}],"replies":[{"embeddable":true,"href":"https:\/\/ville-sous-anjou.fr\/index.php?rest_route=%2Fwp%2Fv2%2Fcomments&post=1358"}],"version-history":[{"count":4,"href":"https:\/\/ville-sous-anjou.fr\/index.php?rest_route=\/wp\/v2\/posts\/1358\/revisions"}],"predecessor-version":[{"id":1364,"href":"https:\/\/ville-sous-anjou.fr\/index.php?rest_route=\/wp\/v2\/posts\/1358\/revisions\/1364"}],"wp:featuredmedia":[{"embeddable":true,"href":"https:\/\/ville-sous-anjou.fr\/index.php?rest_route=\/wp\/v2\/media\/1366"}],"wp:attachment":[{"href":"https:\/\/ville-sous-anjou.fr\/index.php?rest_route=%2Fwp%2Fv2%2Fmedia&parent=1358"}],"wp:term":[{"taxonomy":"category","embeddable":true,"href":"https:\/\/ville-sous-anjou.fr\/index.php?rest_route=%2Fwp%2Fv2%2Fcategories&post=1358"},{"taxonomy":"post_tag","embeddable":true,"href":"https:\/\/ville-sous-anjou.fr\/index.php?rest_route=%2Fwp%2Fv2%2Ftags&post=1358"}],"curies":[{"name":"wp","href":"https:\/\/api.w.org\/{rel}","templated":true}]}}