{"id":1532,"date":"2017-01-04T15:47:16","date_gmt":"2017-01-04T15:47:16","guid":{"rendered":"http:\/\/ville-sous-anjou.fr\/?p=1532"},"modified":"2017-01-16T16:11:43","modified_gmt":"2017-01-16T16:11:43","slug":"ceremonie-des-voeux","status":"publish","type":"post","link":"https:\/\/ville-sous-anjou.fr\/?p=1532","title":{"rendered":"C\u00e9r\u00e9monie des v\u0153ux!"},"content":{"rendered":"<p>La c\u00e9r\u00e9monie des v\u0153ux du Maire aura lieu <strong>vendredi 13 janvier 2017<\/strong> \u00e0 <strong>18h30<\/strong> \u00e0 la<strong> salle Emile Romanet.<\/strong><\/p>\n<p><img loading=\"lazy\" decoding=\"async\" class=\"size-medium wp-image-1531\" src=\"http:\/\/ville-sous-anjou.fr\/wp-content\/uploads\/2017\/01\/Voeux-Maire-2017-142x300.jpg\" alt=\"\" width=\"142\" height=\"300\" srcset=\"https:\/\/ville-sous-anjou.fr\/wp-content\/uploads\/2017\/01\/Voeux-Maire-2017-142x300.jpg 142w, https:\/\/ville-sous-anjou.fr\/wp-content\/uploads\/2017\/01\/Voeux-Maire-2017-768x1618.jpg 768w, https:\/\/ville-sous-anjou.fr\/wp-content\/uploads\/2017\/01\/Voeux-Maire-2017-486x1024.jpg 486w, https:\/\/ville-sous-anjou.fr\/wp-content\/uploads\/2017\/01\/Voeux-Maire-2017.jpg 1410w\" sizes=\"auto, (max-width: 142px) 100vw, 142px\" \/><\/p>\n","protected":false},"excerpt":{"rendered":"<p>La c\u00e9r\u00e9monie des v\u0153ux du Maire aura lieu vendredi 13 janvier 2017 \u00e0 18h30 \u00e0 la salle Emile Romanet.<\/p>\n","protected":false},"author":1,"featured_media":1533,"comment_status":"closed","ping_status":"closed","sticky":false,"template":"","format":"standard","meta":{"_exactmetrics_skip_tracking":false,"_exactmetrics_sitenote_active":false,"_exactmetrics_sitenote_note":"","_exactmetrics_sitenote_category":0,"footnotes":""},"categories":[3],"tags":[],"class_list":["post-1532","post","type-post","status-publish","format-standard","has-post-thumbnail","hentry","category-institution"],"_links":{"self":[{"href":"https:\/\/ville-sous-anjou.fr\/index.php?rest_route=\/wp\/v2\/posts\/1532","targetHints":{"allow":["GET"]}}],"collection":[{"href":"https:\/\/ville-sous-anjou.fr\/index.php?rest_route=\/wp\/v2\/posts"}],"about":[{"href":"https:\/\/ville-sous-anjou.fr\/index.php?rest_route=\/wp\/v2\/types\/post"}],"author":[{"embeddable":true,"href":"https:\/\/ville-sous-anjou.fr\/index.php?rest_route=\/wp\/v2\/users\/1"}],"replies":[{"embeddable":true,"href":"https:\/\/ville-sous-anjou.fr\/index.php?rest_route=%2Fwp%2Fv2%2Fcomments&post=1532"}],"version-history":[{"count":1,"href":"https:\/\/ville-sous-anjou.fr\/index.php?rest_route=\/wp\/v2\/posts\/1532\/revisions"}],"predecessor-version":[{"id":1534,"href":"https:\/\/ville-sous-anjou.fr\/index.php?rest_route=\/wp\/v2\/posts\/1532\/revisions\/1534"}],"wp:featuredmedia":[{"embeddable":true,"href":"https:\/\/ville-sous-anjou.fr\/index.php?rest_route=\/wp\/v2\/media\/1533"}],"wp:attachment":[{"href":"https:\/\/ville-sous-anjou.fr\/index.php?rest_route=%2Fwp%2Fv2%2Fmedia&parent=1532"}],"wp:term":[{"taxonomy":"category","embeddable":true,"href":"https:\/\/ville-sous-anjou.fr\/index.php?rest_route=%2Fwp%2Fv2%2Fcategories&post=1532"},{"taxonomy":"post_tag","embeddable":true,"href":"https:\/\/ville-sous-anjou.fr\/index.php?rest_route=%2Fwp%2Fv2%2Ftags&post=1532"}],"curies":[{"name":"wp","href":"https:\/\/api.w.org\/{rel}","templated":true}]}}