{"id":1733,"date":"2017-09-13T09:11:30","date_gmt":"2017-09-13T09:11:30","guid":{"rendered":"http:\/\/ville-sous-anjou.fr\/?p=1733"},"modified":"2017-09-13T09:12:19","modified_gmt":"2017-09-13T09:12:19","slug":"journees-du-patrimoine-16-et-17-septembre-a-ville-sous-anjou","status":"publish","type":"post","link":"https:\/\/ville-sous-anjou.fr\/?p=1733","title":{"rendered":"Journ\u00e9es du Patrimoine 16 et 17 septembre \u00e0 VILLE SOUS ANJOU!"},"content":{"rendered":"<p><strong><u>La Chapelle de Terrebasse <\/u><\/strong><\/p>\n<p><strong>(<\/strong>Route de Vienne au hameau de Ville, dans le cimeti\u00e8re)<\/p>\n<p>Vestiges d\u2019une chapelle de style gothique flamboyant, construite dans le dernier quart du XV\u00e8me Si\u00e8cle par les seigneurs de Roussillon-Anjou. La qualit\u00e9 de ses sculptures notamment en fa\u00e7ade, est exceptionnelle. Son clocher a \u00e9t\u00e9 restaur\u00e9. Elle est prot\u00e9g\u00e9e au titre des Monuments historiques.<\/p>\n<p><em>Visite libre\u00a0du site, accessibilit\u00e9 totale. <\/em><\/p>\n<p><strong><u>Vitrine arch\u00e9ologique \u00e0 la Mairie<\/u><\/strong> (Place de la mairie)<\/p>\n<p>Dans cette vitrin<img loading=\"lazy\" decoding=\"async\" class=\"wp-image-1735 alignleft\" src=\"http:\/\/ville-sous-anjou.fr\/wp-content\/uploads\/2017\/09\/vitrine-arch\u00e9ologique-683x1024.jpg\" alt=\"\" width=\"265\" height=\"397\" srcset=\"https:\/\/ville-sous-anjou.fr\/wp-content\/uploads\/2017\/09\/vitrine-arch\u00e9ologique-683x1024.jpg 683w, https:\/\/ville-sous-anjou.fr\/wp-content\/uploads\/2017\/09\/vitrine-arch\u00e9ologique-200x300.jpg 200w, https:\/\/ville-sous-anjou.fr\/wp-content\/uploads\/2017\/09\/vitrine-arch\u00e9ologique.jpg 712w\" sizes=\"auto, (max-width: 265px) 100vw, 265px\" \/>e sont expos\u00e9s des vases fun\u00e9raires appel\u00e9s \u00ab\u00a0p\u00e9gaux\u00a0\u00bb datant des XII\u00e8me et XIII\u00e8me si\u00e8cles. Cette collection a \u00e9t\u00e9 d\u00e9couverte dans les ann\u00e9es 1950, lors du creusement de caveaux dans la chapelle de Terrebasse. On peut \u00e9galement voir d\u2019anciennes pi\u00e8ces de romaines.<\/p>\n<p><em>Visite libre\u00a0: samedi 16 septembre de 10h \u00e0 12h.<\/em><\/p>\n<p><em>Contact\u00a0: 04 74 84 04 55<\/em><\/p>\n<p><em>Accessibilit\u00e9 totale<\/em><\/p>\n","protected":false},"excerpt":{"rendered":"<p>La Chapelle de Terrebasse (Route de Vienne au hameau de Ville, dans le cimeti\u00e8re) Vestiges d\u2019une chapelle de style gothique flamboyant, construite dans le dernier quart du XV\u00e8me Si\u00e8cle par les seigneurs de Roussillon-Anjou. La qualit\u00e9 de ses sculptures notamment en fa\u00e7ade, est exceptionnelle. Son clocher a \u00e9t\u00e9 restaur\u00e9. Elle [&hellip;]<\/p>\n","protected":false},"author":1,"featured_media":1734,"comment_status":"closed","ping_status":"closed","sticky":false,"template":"","format":"standard","meta":{"_exactmetrics_skip_tracking":false,"_exactmetrics_sitenote_active":false,"_exactmetrics_sitenote_note":"","_exactmetrics_sitenote_category":0,"footnotes":""},"categories":[11],"tags":[],"class_list":["post-1733","post","type-post","status-publish","format-standard","has-post-thumbnail","hentry","category-loisirs"],"_links":{"self":[{"href":"https:\/\/ville-sous-anjou.fr\/index.php?rest_route=\/wp\/v2\/posts\/1733","targetHints":{"allow":["GET"]}}],"collection":[{"href":"https:\/\/ville-sous-anjou.fr\/index.php?rest_route=\/wp\/v2\/posts"}],"about":[{"href":"https:\/\/ville-sous-anjou.fr\/index.php?rest_route=\/wp\/v2\/types\/post"}],"author":[{"embeddable":true,"href":"https:\/\/ville-sous-anjou.fr\/index.php?rest_route=\/wp\/v2\/users\/1"}],"replies":[{"embeddable":true,"href":"https:\/\/ville-sous-anjou.fr\/index.php?rest_route=%2Fwp%2Fv2%2Fcomments&post=1733"}],"version-history":[{"count":1,"href":"https:\/\/ville-sous-anjou.fr\/index.php?rest_route=\/wp\/v2\/posts\/1733\/revisions"}],"predecessor-version":[{"id":1736,"href":"https:\/\/ville-sous-anjou.fr\/index.php?rest_route=\/wp\/v2\/posts\/1733\/revisions\/1736"}],"wp:featuredmedia":[{"embeddable":true,"href":"https:\/\/ville-sous-anjou.fr\/index.php?rest_route=\/wp\/v2\/media\/1734"}],"wp:attachment":[{"href":"https:\/\/ville-sous-anjou.fr\/index.php?rest_route=%2Fwp%2Fv2%2Fmedia&parent=1733"}],"wp:term":[{"taxonomy":"category","embeddable":true,"href":"https:\/\/ville-sous-anjou.fr\/index.php?rest_route=%2Fwp%2Fv2%2Fcategories&post=1733"},{"taxonomy":"post_tag","embeddable":true,"href":"https:\/\/ville-sous-anjou.fr\/index.php?rest_route=%2Fwp%2Fv2%2Ftags&post=1733"}],"curies":[{"name":"wp","href":"https:\/\/api.w.org\/{rel}","templated":true}]}}