{"id":1872,"date":"2018-02-22T10:05:07","date_gmt":"2018-02-22T10:05:07","guid":{"rendered":"http:\/\/ville-sous-anjou.fr\/?p=1872"},"modified":"2018-02-22T10:08:46","modified_gmt":"2018-02-22T10:08:46","slug":"reunion-publique-sur-le-plan-local-durbanisme-le-15-mars-2018","status":"publish","type":"post","link":"https:\/\/ville-sous-anjou.fr\/?p=1872","title":{"rendered":"R\u00e9union publique sur le Plan Local d&rsquo;Urbanisme, le 15 mars 2018"},"content":{"rendered":"<p style=\"text-align: left;\"><strong>Jeudi 15 mars 2018 \u00c0 19h00 \u00e0\u00a0la salle de Terrebasse<\/strong><\/p>\n<p><strong>Pr\u00e9sentation du diagnostic et des premi\u00e8res orientations du<\/strong><br \/>\n<strong>Projet d\u2019Am\u00e9nagement et de D\u00e9veloppement Durable (PADD)<\/strong><\/p>\n<p>De plus, la concertation est pr\u00e9vue durant toute la dur\u00e9e de l\u2019\u00e9laboration du<br \/>\ndocument d\u2019urbanisme. Un registre est \u00e0 votre disposition \u00e0 l\u2019accueil de la<br \/>\nMairie pour y noter vos demandes et observations. (Vous pouvez \u00e9galement<br \/>\nadresser un courrier)<\/p>\n","protected":false},"excerpt":{"rendered":"<p>Jeudi 15 mars 2018 \u00c0 19h00 \u00e0\u00a0la salle de Terrebasse Pr\u00e9sentation du diagnostic et des premi\u00e8res orientations du Projet d\u2019Am\u00e9nagement et de D\u00e9veloppement Durable (PADD) De plus, la concertation est pr\u00e9vue durant toute la dur\u00e9e de l\u2019\u00e9laboration du document d\u2019urbanisme. Un registre est \u00e0 votre disposition \u00e0 l\u2019accueil de la [&hellip;]<\/p>\n","protected":false},"author":1,"featured_media":1873,"comment_status":"closed","ping_status":"closed","sticky":false,"template":"","format":"standard","meta":{"_exactmetrics_skip_tracking":false,"_exactmetrics_sitenote_active":false,"_exactmetrics_sitenote_note":"","_exactmetrics_sitenote_category":0,"footnotes":""},"categories":[2,3],"tags":[],"class_list":["post-1872","post","type-post","status-publish","format-standard","has-post-thumbnail","hentry","category-actu","category-institution"],"_links":{"self":[{"href":"https:\/\/ville-sous-anjou.fr\/index.php?rest_route=\/wp\/v2\/posts\/1872","targetHints":{"allow":["GET"]}}],"collection":[{"href":"https:\/\/ville-sous-anjou.fr\/index.php?rest_route=\/wp\/v2\/posts"}],"about":[{"href":"https:\/\/ville-sous-anjou.fr\/index.php?rest_route=\/wp\/v2\/types\/post"}],"author":[{"embeddable":true,"href":"https:\/\/ville-sous-anjou.fr\/index.php?rest_route=\/wp\/v2\/users\/1"}],"replies":[{"embeddable":true,"href":"https:\/\/ville-sous-anjou.fr\/index.php?rest_route=%2Fwp%2Fv2%2Fcomments&post=1872"}],"version-history":[{"count":1,"href":"https:\/\/ville-sous-anjou.fr\/index.php?rest_route=\/wp\/v2\/posts\/1872\/revisions"}],"predecessor-version":[{"id":1874,"href":"https:\/\/ville-sous-anjou.fr\/index.php?rest_route=\/wp\/v2\/posts\/1872\/revisions\/1874"}],"wp:featuredmedia":[{"embeddable":true,"href":"https:\/\/ville-sous-anjou.fr\/index.php?rest_route=\/wp\/v2\/media\/1873"}],"wp:attachment":[{"href":"https:\/\/ville-sous-anjou.fr\/index.php?rest_route=%2Fwp%2Fv2%2Fmedia&parent=1872"}],"wp:term":[{"taxonomy":"category","embeddable":true,"href":"https:\/\/ville-sous-anjou.fr\/index.php?rest_route=%2Fwp%2Fv2%2Fcategories&post=1872"},{"taxonomy":"post_tag","embeddable":true,"href":"https:\/\/ville-sous-anjou.fr\/index.php?rest_route=%2Fwp%2Fv2%2Ftags&post=1872"}],"curies":[{"name":"wp","href":"https:\/\/api.w.org\/{rel}","templated":true}]}}