{"id":1956,"date":"2018-06-28T12:39:11","date_gmt":"2018-06-28T12:39:11","guid":{"rendered":"http:\/\/ville-sous-anjou.fr\/?p=1956"},"modified":"2018-06-28T12:39:11","modified_gmt":"2018-06-28T12:39:11","slug":"offre-de-service-civique-2018-2019-territoire-de-lisere-rhodanienne","status":"publish","type":"post","link":"https:\/\/ville-sous-anjou.fr\/?p=1956","title":{"rendered":"Offre de service civique 2018\/2019 Territoire de l\u2019Is\u00e8re Rhodanienne."},"content":{"rendered":"<p><strong>Mission \u00a0: Participer \u00e0 la Lutte anti gaspi dans les coll\u00e8ges<\/strong><\/p>\n<p>Animer des sensibilisations des convives sur la lutte contre le gaspillage alimentaire de fa\u00e7on ludique, attractive, interactive, et faire participer les agents \u00e0 ces sensibilisations, \u00e0 l\u2019aide des supports existant.<\/p>\n<p>D\u00e9velopper et am\u00e9liorer les supports et outils dans le cadre du plan de lutte contre le gaspillage alimentaire\u00a0: messages institutionnels du D\u00e9partement \u00e0 mettre en valeur. Possibilit\u00e9 de proposer de nouveaux supports\u00a0: travail en lien avec le Service de la communication (externe).<\/p>\n<p>Assurer le suivi du gaspillage dans les coll\u00e8ges (pes\u00e9es\u2026) la mise en \u0153uvre du tri des d\u00e9chets en fin de self (r\u00e9partition des d\u00e9chets dans des poubelles sp\u00e9cifiques\u2026)<\/p>\n<p>Accompagner les coll\u00e8ges dans la mise en place de dispositifs anti-gaspi (salade bar, chauffe-plat en salle\u2026)<\/p>\n<p>Accompagner les coll\u00e8ges \u00e0 la mise en place des nouvelles actions du plan de lutte contre le gaspillage alimentaire (incitation financi\u00e8re des coll\u00e8ges rattach\u00e9s \u00e0 une CMC \u00e0 moduler les commandes\u2026).<\/p>\n<p>Evaluation des actions de lutte contre le gaspillage mises en place aupr\u00e8s des coll\u00e9giens, agents, personnels de l\u2019Education nationale (questionnaires\u2026)<\/p>\n<p><em><u>Conditions :<\/u><\/em><\/p>\n<ul>\n<li>Dur\u00e9e : 8 mois (novembre 2018 \u00e0 juin 2019)<\/li>\n<li>Engagement : 28h par semaines sur 4 jours<\/li>\n<li>Indemnit\u00e9 mensuelle : 107.58 \u20ac vers\u00e9s par le D\u00e9partement et 473.04 \u20ac vers\u00e9s par l\u2019Etat<\/li>\n<li>Age : entre 18 et 25 ans<\/li>\n<li>Etre fran\u00e7ais ou disposer d\u2019un titre de s\u00e9jour<\/li>\n<li>Pas de pr\u00e9-requis de dipl\u00f4me ou de formation<\/li>\n<li>Prise en charge de 50% de l\u2019abonnement du transport en commun<\/li>\n<li>Aide de 500\u20ac pour passer le permis de conduire<\/li>\n<\/ul>\n<p><em><u>\u00a0<\/u><\/em><em><u>Lieu\u00a0:<\/u><\/em> Direction territoriale de l\u2019Is\u00e8re Rhodanienne, 3 quai Fr\u00e9d\u00e9ric Mistral , Vienne<\/p>\n<p><strong>\u00a0<\/strong><strong>Personne \u00e0 contacter<\/strong> : Sophie Tanguy, <a href=\"mailto:sophie.tanguy@isere.fr\">sophie.tanguy@isere.fr<\/a>; \u00a004 26 73 06 07<\/p>\n<p><strong><u>\u00a0<\/u><\/strong><strong><u>Information collective <\/u><\/strong><strong>le mercredi 5 septembre \u00e0 10h, Maison du D\u00e9partement, <\/strong><\/p>\n<p>18 avenue Fr\u00e9d\u00e9ric Dard, Bourgoin-Jallieu T\u00e9l\u00e9phone : 04 26 73 05 00<\/p>\n<p>30 postes en Is\u00e8re : Informations : www.isere.fr<\/p>\n<p>&nbsp;<\/p>\n","protected":false},"excerpt":{"rendered":"<p>Mission \u00a0: Participer \u00e0 la Lutte anti gaspi dans les coll\u00e8ges Animer des sensibilisations des convives sur la lutte contre le gaspillage alimentaire de fa\u00e7on ludique, attractive, interactive, et faire participer les agents \u00e0 ces sensibilisations, \u00e0 l\u2019aide des supports existant. D\u00e9velopper et am\u00e9liorer les supports et outils dans le [&hellip;]<\/p>\n","protected":false},"author":1,"featured_media":0,"comment_status":"closed","ping_status":"closed","sticky":false,"template":"","format":"standard","meta":{"_exactmetrics_skip_tracking":false,"_exactmetrics_sitenote_active":false,"_exactmetrics_sitenote_note":"","_exactmetrics_sitenote_category":0,"footnotes":""},"categories":[2],"tags":[],"class_list":["post-1956","post","type-post","status-publish","format-standard","hentry","category-actu"],"_links":{"self":[{"href":"https:\/\/ville-sous-anjou.fr\/index.php?rest_route=\/wp\/v2\/posts\/1956","targetHints":{"allow":["GET"]}}],"collection":[{"href":"https:\/\/ville-sous-anjou.fr\/index.php?rest_route=\/wp\/v2\/posts"}],"about":[{"href":"https:\/\/ville-sous-anjou.fr\/index.php?rest_route=\/wp\/v2\/types\/post"}],"author":[{"embeddable":true,"href":"https:\/\/ville-sous-anjou.fr\/index.php?rest_route=\/wp\/v2\/users\/1"}],"replies":[{"embeddable":true,"href":"https:\/\/ville-sous-anjou.fr\/index.php?rest_route=%2Fwp%2Fv2%2Fcomments&post=1956"}],"version-history":[{"count":1,"href":"https:\/\/ville-sous-anjou.fr\/index.php?rest_route=\/wp\/v2\/posts\/1956\/revisions"}],"predecessor-version":[{"id":1957,"href":"https:\/\/ville-sous-anjou.fr\/index.php?rest_route=\/wp\/v2\/posts\/1956\/revisions\/1957"}],"wp:attachment":[{"href":"https:\/\/ville-sous-anjou.fr\/index.php?rest_route=%2Fwp%2Fv2%2Fmedia&parent=1956"}],"wp:term":[{"taxonomy":"category","embeddable":true,"href":"https:\/\/ville-sous-anjou.fr\/index.php?rest_route=%2Fwp%2Fv2%2Fcategories&post=1956"},{"taxonomy":"post_tag","embeddable":true,"href":"https:\/\/ville-sous-anjou.fr\/index.php?rest_route=%2Fwp%2Fv2%2Ftags&post=1956"}],"curies":[{"name":"wp","href":"https:\/\/api.w.org\/{rel}","templated":true}]}}