{"id":2021,"date":"2018-10-15T14:05:38","date_gmt":"2018-10-15T14:05:38","guid":{"rendered":"http:\/\/ville-sous-anjou.fr\/?p=2021"},"modified":"2018-09-13T14:11:46","modified_gmt":"2018-09-13T14:11:46","slug":"les-rendez-vous-de-la-retraite-du-12-au-17-novembre-2018","status":"publish","type":"post","link":"https:\/\/ville-sous-anjou.fr\/?p=2021","title":{"rendered":"Les rendez-vous de la retraite du 12 au 17 novembre 2018!"},"content":{"rendered":"<p><strong>\u00ab\u00a0A tout \u00e2ge je suis auteur de ma retraite\u00a0\u00bb<\/strong><\/p>\n<p>L&rsquo;Agirc et l&rsquo;Arrco organisent pour la 3\u00e8me ann\u00e9e cons\u00e9cutive<strong> les \u00ab\u00a0Rendez-vous de la retraite\u00a0\u00bb<\/strong> du <strong>12 au 17 novembre 2018<\/strong> sur internet et dans ses 100 centres d\u2019informations r\u00e9partis dans toute la France.<\/p>\n<p><a href=\"http:\/\/ville-sous-anjou.fr\/wp-content\/uploads\/2018\/09\/flyer_agirc-arrco_rendez-vous_retraite.pdf\" target=\"_blank\" rel=\"noopener\">Flyers \u00e0 t\u00e9l\u00e9charger ici<\/a><\/p>\n","protected":false},"excerpt":{"rendered":"<p>\u00ab\u00a0A tout \u00e2ge je suis auteur de ma retraite\u00a0\u00bb L&rsquo;Agirc et l&rsquo;Arrco organisent pour la 3\u00e8me ann\u00e9e cons\u00e9cutive les \u00ab\u00a0Rendez-vous de la retraite\u00a0\u00bb du 12 au 17 novembre 2018 sur internet et dans ses 100 centres d\u2019informations r\u00e9partis dans toute la France. Flyers \u00e0 t\u00e9l\u00e9charger ici<\/p>\n","protected":false},"author":1,"featured_media":2025,"comment_status":"closed","ping_status":"closed","sticky":false,"template":"","format":"standard","meta":{"_exactmetrics_skip_tracking":false,"_exactmetrics_sitenote_active":false,"_exactmetrics_sitenote_note":"","_exactmetrics_sitenote_category":0,"footnotes":""},"categories":[18],"tags":[],"class_list":["post-2021","post","type-post","status-publish","format-standard","has-post-thumbnail","hentry","category-seniors"],"_links":{"self":[{"href":"https:\/\/ville-sous-anjou.fr\/index.php?rest_route=\/wp\/v2\/posts\/2021","targetHints":{"allow":["GET"]}}],"collection":[{"href":"https:\/\/ville-sous-anjou.fr\/index.php?rest_route=\/wp\/v2\/posts"}],"about":[{"href":"https:\/\/ville-sous-anjou.fr\/index.php?rest_route=\/wp\/v2\/types\/post"}],"author":[{"embeddable":true,"href":"https:\/\/ville-sous-anjou.fr\/index.php?rest_route=\/wp\/v2\/users\/1"}],"replies":[{"embeddable":true,"href":"https:\/\/ville-sous-anjou.fr\/index.php?rest_route=%2Fwp%2Fv2%2Fcomments&post=2021"}],"version-history":[{"count":3,"href":"https:\/\/ville-sous-anjou.fr\/index.php?rest_route=\/wp\/v2\/posts\/2021\/revisions"}],"predecessor-version":[{"id":2026,"href":"https:\/\/ville-sous-anjou.fr\/index.php?rest_route=\/wp\/v2\/posts\/2021\/revisions\/2026"}],"wp:featuredmedia":[{"embeddable":true,"href":"https:\/\/ville-sous-anjou.fr\/index.php?rest_route=\/wp\/v2\/media\/2025"}],"wp:attachment":[{"href":"https:\/\/ville-sous-anjou.fr\/index.php?rest_route=%2Fwp%2Fv2%2Fmedia&parent=2021"}],"wp:term":[{"taxonomy":"category","embeddable":true,"href":"https:\/\/ville-sous-anjou.fr\/index.php?rest_route=%2Fwp%2Fv2%2Fcategories&post=2021"},{"taxonomy":"post_tag","embeddable":true,"href":"https:\/\/ville-sous-anjou.fr\/index.php?rest_route=%2Fwp%2Fv2%2Ftags&post=2021"}],"curies":[{"name":"wp","href":"https:\/\/api.w.org\/{rel}","templated":true}]}}