{"id":2039,"date":"2018-10-22T14:51:30","date_gmt":"2018-10-22T14:51:30","guid":{"rendered":"http:\/\/ville-sous-anjou.fr\/?p=2039"},"modified":"2018-10-22T14:52:48","modified_gmt":"2018-10-22T14:52:48","slug":"ma-commune-ma-sante-4","status":"publish","type":"post","link":"https:\/\/ville-sous-anjou.fr\/?p=2039","title":{"rendered":"\u00ab Ma Commune, Ma Sant\u00e9 \u00bb"},"content":{"rendered":"<p>L\u2019association<span>\u00a0<\/span><strong>Actiom<\/strong><span>\u00a0<\/span>(action de mutualisation en vue de l\u2019am\u00e9lioration du pouvoir d\u2019achat) a mis en \u0153uvre une op\u00e9ration qui se nomme\u00a0<strong>\u00ab\u00a0Ma commune. Ma sant\u00e9\u00a0\u00bb.<\/strong><span>\u00a0<\/span>Ce dispositif s\u2019adresse \u00e0 toutes personnes souhaitant am\u00e9liorer sa couverture maladie compl\u00e9mentaire.<\/p>\n<p><strong>permanences d&rsquo;informations SUR RENDEZ-VOUS au <\/strong><\/p>\n<p><strong>Centre Social les\u00a0<\/strong><strong>\u00ab\u00a0Les 4 vents\u00a0\u00bb 30, route de la Chapelle 38150 St Romain de Surieu<\/strong><\/p>\n<p><strong>Vendredi 9 novembre 2018 de 9h00 \u00e0 12h00<\/strong><\/p>\n<p><strong>Vendredi 14 novembre 2018 de 9h00 \u00e0 12h00<\/strong><\/p>\n","protected":false},"excerpt":{"rendered":"<p>L\u2019association\u00a0Actiom\u00a0(action de mutualisation en vue de l\u2019am\u00e9lioration du pouvoir d\u2019achat) a mis en \u0153uvre une op\u00e9ration qui se nomme\u00a0\u00ab\u00a0Ma commune. Ma sant\u00e9\u00a0\u00bb.\u00a0Ce dispositif s\u2019adresse \u00e0 toutes personnes souhaitant am\u00e9liorer sa couverture maladie compl\u00e9mentaire. permanences d&rsquo;informations SUR RENDEZ-VOUS au Centre Social les\u00a0\u00ab\u00a0Les 4 vents\u00a0\u00bb 30, route de la Chapelle 38150 St [&hellip;]<\/p>\n","protected":false},"author":1,"featured_media":2038,"comment_status":"closed","ping_status":"closed","sticky":false,"template":"","format":"standard","meta":{"_exactmetrics_skip_tracking":false,"_exactmetrics_sitenote_active":false,"_exactmetrics_sitenote_note":"","_exactmetrics_sitenote_category":0,"footnotes":""},"categories":[21],"tags":[],"class_list":["post-2039","post","type-post","status-publish","format-standard","has-post-thumbnail","hentry","category-la-sante"],"_links":{"self":[{"href":"https:\/\/ville-sous-anjou.fr\/index.php?rest_route=\/wp\/v2\/posts\/2039","targetHints":{"allow":["GET"]}}],"collection":[{"href":"https:\/\/ville-sous-anjou.fr\/index.php?rest_route=\/wp\/v2\/posts"}],"about":[{"href":"https:\/\/ville-sous-anjou.fr\/index.php?rest_route=\/wp\/v2\/types\/post"}],"author":[{"embeddable":true,"href":"https:\/\/ville-sous-anjou.fr\/index.php?rest_route=\/wp\/v2\/users\/1"}],"replies":[{"embeddable":true,"href":"https:\/\/ville-sous-anjou.fr\/index.php?rest_route=%2Fwp%2Fv2%2Fcomments&post=2039"}],"version-history":[{"count":2,"href":"https:\/\/ville-sous-anjou.fr\/index.php?rest_route=\/wp\/v2\/posts\/2039\/revisions"}],"predecessor-version":[{"id":2041,"href":"https:\/\/ville-sous-anjou.fr\/index.php?rest_route=\/wp\/v2\/posts\/2039\/revisions\/2041"}],"wp:featuredmedia":[{"embeddable":true,"href":"https:\/\/ville-sous-anjou.fr\/index.php?rest_route=\/wp\/v2\/media\/2038"}],"wp:attachment":[{"href":"https:\/\/ville-sous-anjou.fr\/index.php?rest_route=%2Fwp%2Fv2%2Fmedia&parent=2039"}],"wp:term":[{"taxonomy":"category","embeddable":true,"href":"https:\/\/ville-sous-anjou.fr\/index.php?rest_route=%2Fwp%2Fv2%2Fcategories&post=2039"},{"taxonomy":"post_tag","embeddable":true,"href":"https:\/\/ville-sous-anjou.fr\/index.php?rest_route=%2Fwp%2Fv2%2Ftags&post=2039"}],"curies":[{"name":"wp","href":"https:\/\/api.w.org\/{rel}","templated":true}]}}