{"id":2053,"date":"2018-11-15T07:15:38","date_gmt":"2018-11-15T07:15:38","guid":{"rendered":"http:\/\/ville-sous-anjou.fr\/?p=2053"},"modified":"2018-11-15T07:15:38","modified_gmt":"2018-11-15T07:15:38","slug":"reunion-publique-de-la-commission-locale-dinformation-aupres-du-centre-national-de-production-delectricite-de-saint-alban","status":"publish","type":"post","link":"https:\/\/ville-sous-anjou.fr\/?p=2053","title":{"rendered":"R\u00c9UNION PUBLIQUE DE LA COMMISSION LOCALE D\u2019INFORMATION AUPR\u00c8S DU CENTRE NATIONAL DE PRODUCTION D\u2019\u00c9LECTRICIT\u00c9 DE SAINT-ALBAN"},"content":{"rendered":"<p style=\"text-align: center;\"><strong>Mardi 27 novembre 2018 \u00e0 18h00<\/strong><br \/>\n<strong><span style=\"color: #0000ff;\">\u201cLES \u00c9VOLUTIONS \u00c0 VENIR DU P\u00c9RIM\u00c8TRE<\/span><\/strong><br \/>\n<strong><span style=\"color: #0000ff;\">PARTICULIER D\u2019INTERVENTION (PPI) \u201d<\/span><\/strong><br \/>\nSalle Aragon, \u00e0 Saint-Maurice l\u2019Exil<br \/>\n(33 rue de la Commune de 1871)<\/p>\n","protected":false},"excerpt":{"rendered":"<p>Mardi 27 novembre 2018 \u00e0 18h00 \u201cLES \u00c9VOLUTIONS \u00c0 VENIR DU P\u00c9RIM\u00c8TRE PARTICULIER D\u2019INTERVENTION (PPI) \u201d Salle Aragon, \u00e0 Saint-Maurice l\u2019Exil (33 rue de la Commune de 1871)<\/p>\n","protected":false},"author":1,"featured_media":2054,"comment_status":"closed","ping_status":"closed","sticky":false,"template":"","format":"standard","meta":{"_exactmetrics_skip_tracking":false,"_exactmetrics_sitenote_active":false,"_exactmetrics_sitenote_note":"","_exactmetrics_sitenote_category":0,"footnotes":""},"categories":[2],"tags":[],"class_list":["post-2053","post","type-post","status-publish","format-standard","has-post-thumbnail","hentry","category-actu"],"_links":{"self":[{"href":"https:\/\/ville-sous-anjou.fr\/index.php?rest_route=\/wp\/v2\/posts\/2053","targetHints":{"allow":["GET"]}}],"collection":[{"href":"https:\/\/ville-sous-anjou.fr\/index.php?rest_route=\/wp\/v2\/posts"}],"about":[{"href":"https:\/\/ville-sous-anjou.fr\/index.php?rest_route=\/wp\/v2\/types\/post"}],"author":[{"embeddable":true,"href":"https:\/\/ville-sous-anjou.fr\/index.php?rest_route=\/wp\/v2\/users\/1"}],"replies":[{"embeddable":true,"href":"https:\/\/ville-sous-anjou.fr\/index.php?rest_route=%2Fwp%2Fv2%2Fcomments&post=2053"}],"version-history":[{"count":1,"href":"https:\/\/ville-sous-anjou.fr\/index.php?rest_route=\/wp\/v2\/posts\/2053\/revisions"}],"predecessor-version":[{"id":2055,"href":"https:\/\/ville-sous-anjou.fr\/index.php?rest_route=\/wp\/v2\/posts\/2053\/revisions\/2055"}],"wp:featuredmedia":[{"embeddable":true,"href":"https:\/\/ville-sous-anjou.fr\/index.php?rest_route=\/wp\/v2\/media\/2054"}],"wp:attachment":[{"href":"https:\/\/ville-sous-anjou.fr\/index.php?rest_route=%2Fwp%2Fv2%2Fmedia&parent=2053"}],"wp:term":[{"taxonomy":"category","embeddable":true,"href":"https:\/\/ville-sous-anjou.fr\/index.php?rest_route=%2Fwp%2Fv2%2Fcategories&post=2053"},{"taxonomy":"post_tag","embeddable":true,"href":"https:\/\/ville-sous-anjou.fr\/index.php?rest_route=%2Fwp%2Fv2%2Ftags&post=2053"}],"curies":[{"name":"wp","href":"https:\/\/api.w.org\/{rel}","templated":true}]}}