{"id":2083,"date":"2019-03-16T20:21:49","date_gmt":"2019-03-16T20:21:49","guid":{"rendered":"http:\/\/ville-sous-anjou.fr\/?p=2083"},"modified":"2019-03-16T20:36:24","modified_gmt":"2019-03-16T20:36:24","slug":"operation-village-propre-samedi-23-mars","status":"publish","type":"post","link":"https:\/\/ville-sous-anjou.fr\/?p=2083","title":{"rendered":"Op\u00e9ration village propre samedi 23 mars!"},"content":{"rendered":"\n<p>Op\u00e9ration village propre mobilisez-vous!<\/p>\n\n\n\n<p>Rendez-vous \u00e0 8H00 place de la mairie \u00e0 Ville-sous-Anjou<\/p>\n\n\n\n<p><a href=\"http:\/\/ville-sous-anjou.fr\/wp-content\/uploads\/2019\/03\/2019-03-23-village-propre-vsa.pdf\" target=\"_blank\" rel=\"noreferrer noopener\" aria-label=\"Flyers \u00e0 t\u00e9l\u00e9charger (s\u2019ouvre dans un nouvel onglet)\">Flyers \u00e0 t\u00e9l\u00e9charger<\/a><\/p>\n","protected":false},"excerpt":{"rendered":"<p>Op\u00e9ration village propre mobilisez-vous! Rendez-vous \u00e0 8H00 place de la mairie \u00e0 Ville-sous-Anjou Flyers \u00e0 t\u00e9l\u00e9charger<\/p>\n","protected":false},"author":1,"featured_media":926,"comment_status":"closed","ping_status":"closed","sticky":false,"template":"","format":"standard","meta":{"_exactmetrics_skip_tracking":false,"_exactmetrics_sitenote_active":false,"_exactmetrics_sitenote_note":"","_exactmetrics_sitenote_category":0,"footnotes":""},"categories":[9],"tags":[],"class_list":["post-2083","post","type-post","status-publish","format-standard","has-post-thumbnail","hentry","category-environnement"],"_links":{"self":[{"href":"https:\/\/ville-sous-anjou.fr\/index.php?rest_route=\/wp\/v2\/posts\/2083","targetHints":{"allow":["GET"]}}],"collection":[{"href":"https:\/\/ville-sous-anjou.fr\/index.php?rest_route=\/wp\/v2\/posts"}],"about":[{"href":"https:\/\/ville-sous-anjou.fr\/index.php?rest_route=\/wp\/v2\/types\/post"}],"author":[{"embeddable":true,"href":"https:\/\/ville-sous-anjou.fr\/index.php?rest_route=\/wp\/v2\/users\/1"}],"replies":[{"embeddable":true,"href":"https:\/\/ville-sous-anjou.fr\/index.php?rest_route=%2Fwp%2Fv2%2Fcomments&post=2083"}],"version-history":[{"count":3,"href":"https:\/\/ville-sous-anjou.fr\/index.php?rest_route=\/wp\/v2\/posts\/2083\/revisions"}],"predecessor-version":[{"id":2087,"href":"https:\/\/ville-sous-anjou.fr\/index.php?rest_route=\/wp\/v2\/posts\/2083\/revisions\/2087"}],"wp:featuredmedia":[{"embeddable":true,"href":"https:\/\/ville-sous-anjou.fr\/index.php?rest_route=\/wp\/v2\/media\/926"}],"wp:attachment":[{"href":"https:\/\/ville-sous-anjou.fr\/index.php?rest_route=%2Fwp%2Fv2%2Fmedia&parent=2083"}],"wp:term":[{"taxonomy":"category","embeddable":true,"href":"https:\/\/ville-sous-anjou.fr\/index.php?rest_route=%2Fwp%2Fv2%2Fcategories&post=2083"},{"taxonomy":"post_tag","embeddable":true,"href":"https:\/\/ville-sous-anjou.fr\/index.php?rest_route=%2Fwp%2Fv2%2Ftags&post=2083"}],"curies":[{"name":"wp","href":"https:\/\/api.w.org\/{rel}","templated":true}]}}