{"id":2131,"date":"2019-05-14T05:53:32","date_gmt":"2019-05-14T05:53:32","guid":{"rendered":"http:\/\/ville-sous-anjou.fr\/?p=2131"},"modified":"2019-05-14T08:38:49","modified_gmt":"2019-05-14T08:38:49","slug":"vide-grenier-du-sous-des-ecoles","status":"publish","type":"post","link":"https:\/\/ville-sous-anjou.fr\/?p=2131","title":{"rendered":"VIDE-GRENIER du sou des \u00e9coles"},"content":{"rendered":"\n<p>VIDE-GRENIER \u00e0 VILLE-SOUS-ANJOU<br><strong> Dimanche 19 mai de 7 h 30 \u00e0 18 h<\/strong><br> <strong>Sur r\u00e9servations au 06.29.97.34.69<\/strong> ou <strong>brocantevsa@gmail.com<\/strong><br><\/p>\n\n\n\n<p> Ext\u00e9rieur (2 \u20ac le ml)<br> Int\u00e9rieur (5 \u20ac la table de 1.80 m)<\/p>\n\n\n\n<p>BUVETTE ET RESTAURATION SUR PLACE<\/p>\n","protected":false},"excerpt":{"rendered":"<p>VIDE-GRENIER \u00e0 VILLE-SOUS-ANJOU Dimanche 19 mai de 7 h 30 \u00e0 18 h Sur r\u00e9servations au 06.29.97.34.69 ou brocantevsa@gmail.com Ext\u00e9rieur (2 \u20ac le ml) Int\u00e9rieur (5 \u20ac la table de 1.80 m) BUVETTE ET RESTAURATION SUR PLACE<\/p>\n","protected":false},"author":1,"featured_media":2132,"comment_status":"closed","ping_status":"closed","sticky":false,"template":"","format":"standard","meta":{"_exactmetrics_skip_tracking":false,"_exactmetrics_sitenote_active":false,"_exactmetrics_sitenote_note":"","_exactmetrics_sitenote_category":0,"footnotes":""},"categories":[12],"tags":[],"class_list":["post-2131","post","type-post","status-publish","format-standard","has-post-thumbnail","hentry","category-lecole"],"_links":{"self":[{"href":"https:\/\/ville-sous-anjou.fr\/index.php?rest_route=\/wp\/v2\/posts\/2131","targetHints":{"allow":["GET"]}}],"collection":[{"href":"https:\/\/ville-sous-anjou.fr\/index.php?rest_route=\/wp\/v2\/posts"}],"about":[{"href":"https:\/\/ville-sous-anjou.fr\/index.php?rest_route=\/wp\/v2\/types\/post"}],"author":[{"embeddable":true,"href":"https:\/\/ville-sous-anjou.fr\/index.php?rest_route=\/wp\/v2\/users\/1"}],"replies":[{"embeddable":true,"href":"https:\/\/ville-sous-anjou.fr\/index.php?rest_route=%2Fwp%2Fv2%2Fcomments&post=2131"}],"version-history":[{"count":2,"href":"https:\/\/ville-sous-anjou.fr\/index.php?rest_route=\/wp\/v2\/posts\/2131\/revisions"}],"predecessor-version":[{"id":2134,"href":"https:\/\/ville-sous-anjou.fr\/index.php?rest_route=\/wp\/v2\/posts\/2131\/revisions\/2134"}],"wp:featuredmedia":[{"embeddable":true,"href":"https:\/\/ville-sous-anjou.fr\/index.php?rest_route=\/wp\/v2\/media\/2132"}],"wp:attachment":[{"href":"https:\/\/ville-sous-anjou.fr\/index.php?rest_route=%2Fwp%2Fv2%2Fmedia&parent=2131"}],"wp:term":[{"taxonomy":"category","embeddable":true,"href":"https:\/\/ville-sous-anjou.fr\/index.php?rest_route=%2Fwp%2Fv2%2Fcategories&post=2131"},{"taxonomy":"post_tag","embeddable":true,"href":"https:\/\/ville-sous-anjou.fr\/index.php?rest_route=%2Fwp%2Fv2%2Ftags&post=2131"}],"curies":[{"name":"wp","href":"https:\/\/api.w.org\/{rel}","templated":true}]}}