{"id":2140,"date":"2019-05-29T08:41:53","date_gmt":"2019-05-29T08:41:53","guid":{"rendered":"http:\/\/ville-sous-anjou.fr\/?p=2140"},"modified":"2019-05-29T08:41:54","modified_gmt":"2019-05-29T08:41:54","slug":"formation-au-compostage-domestique-a-vos-agendas","status":"publish","type":"post","link":"https:\/\/ville-sous-anjou.fr\/?p=2140","title":{"rendered":"Formation au compostage domestique : \u00e0 vos agendas !"},"content":{"rendered":"\n<p>Venez d\u00e9couvrir les bases du compostage, du paillage et partager vos pratiques !<br><strong>Mercredi 19 juin 2019 de 9h \u00e0 12h ou de 14h \u00e0 17h<\/strong> \u00e0 la <strong>Communaut\u00e9 de Communes Entre Bi\u00e8vre et Rh\u00f4ne,<\/strong> Rue du 19 mars 1962 \u00e0 <strong>Saint-Maurice-l&rsquo;Exil<\/strong><\/p>\n\n\n\n<p>Renseignements et inscriptions aupr\u00e8s du service environnement au 04 74 29 31 15<br>Cette formation gratuite concerne les habitants des 37 communes de la CC Entre Bi\u00e8vre et Rh\u00f4ne.<\/p>\n","protected":false},"excerpt":{"rendered":"<p>Venez d\u00e9couvrir les bases du compostage, du paillage et partager vos pratiques !Mercredi 19 juin 2019 de 9h \u00e0 12h ou de 14h \u00e0 17h \u00e0 la Communaut\u00e9 de Communes Entre Bi\u00e8vre et Rh\u00f4ne, Rue du 19 mars 1962 \u00e0 Saint-Maurice-l&rsquo;Exil Renseignements et inscriptions aupr\u00e8s du service environnement au 04 [&hellip;]<\/p>\n","protected":false},"author":1,"featured_media":2137,"comment_status":"closed","ping_status":"closed","sticky":false,"template":"","format":"standard","meta":{"_exactmetrics_skip_tracking":false,"_exactmetrics_sitenote_active":false,"_exactmetrics_sitenote_note":"","_exactmetrics_sitenote_category":0,"footnotes":""},"categories":[9],"tags":[],"class_list":["post-2140","post","type-post","status-publish","format-standard","has-post-thumbnail","hentry","category-environnement"],"_links":{"self":[{"href":"https:\/\/ville-sous-anjou.fr\/index.php?rest_route=\/wp\/v2\/posts\/2140","targetHints":{"allow":["GET"]}}],"collection":[{"href":"https:\/\/ville-sous-anjou.fr\/index.php?rest_route=\/wp\/v2\/posts"}],"about":[{"href":"https:\/\/ville-sous-anjou.fr\/index.php?rest_route=\/wp\/v2\/types\/post"}],"author":[{"embeddable":true,"href":"https:\/\/ville-sous-anjou.fr\/index.php?rest_route=\/wp\/v2\/users\/1"}],"replies":[{"embeddable":true,"href":"https:\/\/ville-sous-anjou.fr\/index.php?rest_route=%2Fwp%2Fv2%2Fcomments&post=2140"}],"version-history":[{"count":1,"href":"https:\/\/ville-sous-anjou.fr\/index.php?rest_route=\/wp\/v2\/posts\/2140\/revisions"}],"predecessor-version":[{"id":2141,"href":"https:\/\/ville-sous-anjou.fr\/index.php?rest_route=\/wp\/v2\/posts\/2140\/revisions\/2141"}],"wp:featuredmedia":[{"embeddable":true,"href":"https:\/\/ville-sous-anjou.fr\/index.php?rest_route=\/wp\/v2\/media\/2137"}],"wp:attachment":[{"href":"https:\/\/ville-sous-anjou.fr\/index.php?rest_route=%2Fwp%2Fv2%2Fmedia&parent=2140"}],"wp:term":[{"taxonomy":"category","embeddable":true,"href":"https:\/\/ville-sous-anjou.fr\/index.php?rest_route=%2Fwp%2Fv2%2Fcategories&post=2140"},{"taxonomy":"post_tag","embeddable":true,"href":"https:\/\/ville-sous-anjou.fr\/index.php?rest_route=%2Fwp%2Fv2%2Ftags&post=2140"}],"curies":[{"name":"wp","href":"https:\/\/api.w.org\/{rel}","templated":true}]}}