{"id":2142,"date":"2019-05-29T08:47:03","date_gmt":"2019-05-29T08:47:03","guid":{"rendered":"http:\/\/ville-sous-anjou.fr\/?p=2142"},"modified":"2019-05-29T08:47:54","modified_gmt":"2019-05-29T08:47:54","slug":"enquete-publique-sur-le-projet-de-schema-de-coherence-territoral-scot","status":"publish","type":"post","link":"https:\/\/ville-sous-anjou.fr\/?p=2142","title":{"rendered":"Enqu\u00eate publique sur le projet de Sch\u00e9ma de Coh\u00e9rence Territoral ( Scot)"},"content":{"rendered":"\n<p>Enqu\u00eate publique sur le projet de Sch\u00e9ma de Coh\u00e9rence Territoral ( Scot) des Rives du Rh\u00f4ne, <strong>du 5 juin au 5 juillet 2019<\/strong>: <\/p>\n\n\n\n<p>Informez vous et donnez votre avis! <\/p>\n\n\n\n<p>Document de pr\u00e9sentation \u00e0 t\u00e9l\u00e9charger <a href=\"http:\/\/ville-sous-anjou.fr\/wp-content\/uploads\/2019\/05\/4PAGES_ENVOI.pdf\" target=\"_blank\" rel=\"noreferrer noopener\" aria-label=\"ici (s\u2019ouvre dans un nouvel onglet)\">ici<\/a><\/p>\n\n\n\n<p><\/p>\n\n\n\n<p> <br><\/p>\n","protected":false},"excerpt":{"rendered":"<p>Enqu\u00eate publique sur le projet de Sch\u00e9ma de Coh\u00e9rence Territoral ( Scot) des Rives du Rh\u00f4ne, du 5 juin au 5 juillet 2019: Informez vous et donnez votre avis! Document de pr\u00e9sentation \u00e0 t\u00e9l\u00e9charger ici<\/p>\n","protected":false},"author":1,"featured_media":2144,"comment_status":"closed","ping_status":"closed","sticky":false,"template":"","format":"standard","meta":{"_exactmetrics_skip_tracking":false,"_exactmetrics_sitenote_active":false,"_exactmetrics_sitenote_note":"","_exactmetrics_sitenote_category":0,"footnotes":""},"categories":[2],"tags":[],"class_list":["post-2142","post","type-post","status-publish","format-standard","has-post-thumbnail","hentry","category-actu"],"_links":{"self":[{"href":"https:\/\/ville-sous-anjou.fr\/index.php?rest_route=\/wp\/v2\/posts\/2142","targetHints":{"allow":["GET"]}}],"collection":[{"href":"https:\/\/ville-sous-anjou.fr\/index.php?rest_route=\/wp\/v2\/posts"}],"about":[{"href":"https:\/\/ville-sous-anjou.fr\/index.php?rest_route=\/wp\/v2\/types\/post"}],"author":[{"embeddable":true,"href":"https:\/\/ville-sous-anjou.fr\/index.php?rest_route=\/wp\/v2\/users\/1"}],"replies":[{"embeddable":true,"href":"https:\/\/ville-sous-anjou.fr\/index.php?rest_route=%2Fwp%2Fv2%2Fcomments&post=2142"}],"version-history":[{"count":2,"href":"https:\/\/ville-sous-anjou.fr\/index.php?rest_route=\/wp\/v2\/posts\/2142\/revisions"}],"predecessor-version":[{"id":2146,"href":"https:\/\/ville-sous-anjou.fr\/index.php?rest_route=\/wp\/v2\/posts\/2142\/revisions\/2146"}],"wp:featuredmedia":[{"embeddable":true,"href":"https:\/\/ville-sous-anjou.fr\/index.php?rest_route=\/wp\/v2\/media\/2144"}],"wp:attachment":[{"href":"https:\/\/ville-sous-anjou.fr\/index.php?rest_route=%2Fwp%2Fv2%2Fmedia&parent=2142"}],"wp:term":[{"taxonomy":"category","embeddable":true,"href":"https:\/\/ville-sous-anjou.fr\/index.php?rest_route=%2Fwp%2Fv2%2Fcategories&post=2142"},{"taxonomy":"post_tag","embeddable":true,"href":"https:\/\/ville-sous-anjou.fr\/index.php?rest_route=%2Fwp%2Fv2%2Ftags&post=2142"}],"curies":[{"name":"wp","href":"https:\/\/api.w.org\/{rel}","templated":true}]}}