{"id":2164,"date":"2019-07-31T12:43:07","date_gmt":"2019-07-31T12:43:07","guid":{"rendered":"http:\/\/ville-sous-anjou.fr\/?p=2164"},"modified":"2019-07-31T12:43:07","modified_gmt":"2019-07-31T12:43:07","slug":"coupures-delectricite","status":"publish","type":"post","link":"https:\/\/ville-sous-anjou.fr\/?p=2164","title":{"rendered":"Coupures d&rsquo;\u00e9l\u00e9ctricit\u00e9!"},"content":{"rendered":"\n<p>Afin d\u2019am\u00e9liorer\nla qualit\u00e9 de la distribution d\u2019\u00e9lectricit\u00e9 et de r\u00e9pondre aux besoins de leur\nclient\u00e8le, ENEDIS programme des travaux qui entraineront des coupures\nd\u2019\u00e9lectricit\u00e9 sur certains quartiers de la commune&nbsp;:<\/p>\n\n\n\n<p><strong>Lundi 5 ao\u00fbt 2019 entre 8h45 et 13h15&nbsp;:<\/strong><\/p>\n\n\n\n<ul class=\"wp-block-list\"><li>Eclairage\npublic route de Lampon<\/li><li>Route\nde la Madone<\/li><li>Impasse\nde la Madone<\/li><li>Route\nde Lampon<\/li><li>Route\nde la Feytaz<\/li><\/ul>\n\n\n\n<p>&nbsp;&nbsp; <strong>Vendredi\n9 ao\u00fbt entre 8h45 et 10h15<\/strong><\/p>\n\n\n\n<ul class=\"wp-block-list\"><li>Eclairage\npublic Rue Emile Romanet<\/li><li>Rue\nEmile Romanet<\/li><li>Route\nde la Madone<\/li><li>Impasse\nde la Madone<\/li><li>Route de\nLampon<\/li><li>Chemin\nde Chantabot<\/li><li>Chemin\nde la Ren\u00e8ze<\/li><\/ul>\n","protected":false},"excerpt":{"rendered":"<p>Afin d\u2019am\u00e9liorer la qualit\u00e9 de la distribution d\u2019\u00e9lectricit\u00e9 et de r\u00e9pondre aux besoins de leur client\u00e8le, ENEDIS programme des travaux qui entraineront des coupures d\u2019\u00e9lectricit\u00e9 sur certains quartiers de la commune&nbsp;: Lundi 5 ao\u00fbt 2019 entre 8h45 et 13h15&nbsp;: Eclairage public route de Lampon Route de la Madone Impasse de [&hellip;]<\/p>\n","protected":false},"author":1,"featured_media":1977,"comment_status":"closed","ping_status":"closed","sticky":false,"template":"","format":"standard","meta":{"_exactmetrics_skip_tracking":false,"_exactmetrics_sitenote_active":false,"_exactmetrics_sitenote_note":"","_exactmetrics_sitenote_category":0,"footnotes":""},"categories":[2],"tags":[],"class_list":["post-2164","post","type-post","status-publish","format-standard","has-post-thumbnail","hentry","category-actu"],"_links":{"self":[{"href":"https:\/\/ville-sous-anjou.fr\/index.php?rest_route=\/wp\/v2\/posts\/2164","targetHints":{"allow":["GET"]}}],"collection":[{"href":"https:\/\/ville-sous-anjou.fr\/index.php?rest_route=\/wp\/v2\/posts"}],"about":[{"href":"https:\/\/ville-sous-anjou.fr\/index.php?rest_route=\/wp\/v2\/types\/post"}],"author":[{"embeddable":true,"href":"https:\/\/ville-sous-anjou.fr\/index.php?rest_route=\/wp\/v2\/users\/1"}],"replies":[{"embeddable":true,"href":"https:\/\/ville-sous-anjou.fr\/index.php?rest_route=%2Fwp%2Fv2%2Fcomments&post=2164"}],"version-history":[{"count":1,"href":"https:\/\/ville-sous-anjou.fr\/index.php?rest_route=\/wp\/v2\/posts\/2164\/revisions"}],"predecessor-version":[{"id":2165,"href":"https:\/\/ville-sous-anjou.fr\/index.php?rest_route=\/wp\/v2\/posts\/2164\/revisions\/2165"}],"wp:featuredmedia":[{"embeddable":true,"href":"https:\/\/ville-sous-anjou.fr\/index.php?rest_route=\/wp\/v2\/media\/1977"}],"wp:attachment":[{"href":"https:\/\/ville-sous-anjou.fr\/index.php?rest_route=%2Fwp%2Fv2%2Fmedia&parent=2164"}],"wp:term":[{"taxonomy":"category","embeddable":true,"href":"https:\/\/ville-sous-anjou.fr\/index.php?rest_route=%2Fwp%2Fv2%2Fcategories&post=2164"},{"taxonomy":"post_tag","embeddable":true,"href":"https:\/\/ville-sous-anjou.fr\/index.php?rest_route=%2Fwp%2Fv2%2Ftags&post=2164"}],"curies":[{"name":"wp","href":"https:\/\/api.w.org\/{rel}","templated":true}]}}