{"id":2198,"date":"2019-10-28T14:21:27","date_gmt":"2019-10-28T14:21:27","guid":{"rendered":"http:\/\/ville-sous-anjou.fr\/?p=2198"},"modified":"2019-10-28T14:22:01","modified_gmt":"2019-10-28T14:22:01","slug":"rattrapage-de-la-collecte-des-dechets-du-1er-novembre","status":"publish","type":"post","link":"https:\/\/ville-sous-anjou.fr\/?p=2198","title":{"rendered":"Rattrapage de la collecte des d\u00e9chets du 1er novembre"},"content":{"rendered":"\n<p>La collecte des d\u00e9chets m\u00e9nagers non recyclables (poubelle verte) <strong>du vendredi 1<sup>er<\/sup> novembre 2019<\/strong>  sera effectu\u00e9e le <strong>Samedi 2 novembre 2019<\/strong>. <\/p>\n\n\n\n<p>Il est recommand\u00e9 de sortir   les poubelles&nbsp; la veille au soir car les collectes d\u00e9marrent \u00e0 4h00. <\/p>\n\n\n\n<p><br><\/p>\n","protected":false},"excerpt":{"rendered":"<p>La collecte des d\u00e9chets m\u00e9nagers non recyclables (poubelle verte) du vendredi 1er novembre 2019 sera effectu\u00e9e le Samedi 2 novembre 2019. Il est recommand\u00e9 de sortir les poubelles&nbsp; la veille au soir car les collectes d\u00e9marrent \u00e0 4h00.<\/p>\n","protected":false},"author":1,"featured_media":938,"comment_status":"closed","ping_status":"closed","sticky":false,"template":"","format":"standard","meta":{"_exactmetrics_skip_tracking":false,"_exactmetrics_sitenote_active":false,"_exactmetrics_sitenote_note":"","_exactmetrics_sitenote_category":0,"footnotes":""},"categories":[9],"tags":[],"class_list":["post-2198","post","type-post","status-publish","format-standard","has-post-thumbnail","hentry","category-environnement"],"_links":{"self":[{"href":"https:\/\/ville-sous-anjou.fr\/index.php?rest_route=\/wp\/v2\/posts\/2198","targetHints":{"allow":["GET"]}}],"collection":[{"href":"https:\/\/ville-sous-anjou.fr\/index.php?rest_route=\/wp\/v2\/posts"}],"about":[{"href":"https:\/\/ville-sous-anjou.fr\/index.php?rest_route=\/wp\/v2\/types\/post"}],"author":[{"embeddable":true,"href":"https:\/\/ville-sous-anjou.fr\/index.php?rest_route=\/wp\/v2\/users\/1"}],"replies":[{"embeddable":true,"href":"https:\/\/ville-sous-anjou.fr\/index.php?rest_route=%2Fwp%2Fv2%2Fcomments&post=2198"}],"version-history":[{"count":2,"href":"https:\/\/ville-sous-anjou.fr\/index.php?rest_route=\/wp\/v2\/posts\/2198\/revisions"}],"predecessor-version":[{"id":2200,"href":"https:\/\/ville-sous-anjou.fr\/index.php?rest_route=\/wp\/v2\/posts\/2198\/revisions\/2200"}],"wp:featuredmedia":[{"embeddable":true,"href":"https:\/\/ville-sous-anjou.fr\/index.php?rest_route=\/wp\/v2\/media\/938"}],"wp:attachment":[{"href":"https:\/\/ville-sous-anjou.fr\/index.php?rest_route=%2Fwp%2Fv2%2Fmedia&parent=2198"}],"wp:term":[{"taxonomy":"category","embeddable":true,"href":"https:\/\/ville-sous-anjou.fr\/index.php?rest_route=%2Fwp%2Fv2%2Fcategories&post=2198"},{"taxonomy":"post_tag","embeddable":true,"href":"https:\/\/ville-sous-anjou.fr\/index.php?rest_route=%2Fwp%2Fv2%2Ftags&post=2198"}],"curies":[{"name":"wp","href":"https:\/\/api.w.org\/{rel}","templated":true}]}}