{"id":2207,"date":"2019-12-09T07:52:18","date_gmt":"2019-12-09T07:52:18","guid":{"rendered":"http:\/\/ville-sous-anjou.fr\/?p=2207"},"modified":"2019-12-09T07:52:19","modified_gmt":"2019-12-09T07:52:19","slug":"recensement-de-la-population","status":"publish","type":"post","link":"https:\/\/ville-sous-anjou.fr\/?p=2207","title":{"rendered":"Recensement de la population"},"content":{"rendered":"\n<p>Le recensement du nombre d\u2019habitants de la\ncommune se d\u00e9roulera du <strong>jeudi 16 janvier 2020 au samedi 15 f\u00e9vrier 2020<\/strong><\/p>\n\n\n\n<p>Le recensement permet de savoir combien de personnes vivent en France et\nd&rsquo;\u00e9tablir la population officielle de chaque commune. Il fournit \u00e9galement des\ninformations sur les caract\u00e9ristiques de la population : \u00e2ge, profession,\nmoyens de transport utilis\u00e9s, conditions de logement&#8230;De ces chiffres d\u00e9coule\nla participation de l&rsquo;\u00c9tat au budget des communes : plus une commune est\npeupl\u00e9e, plus cette participation est importante. <\/p>\n\n\n\n<p>Du nombre d&rsquo;habitants d\u00e9pendent \u00e9galement le nombre d&rsquo;\u00e9lus au conseil\nmunicipal, la d\u00e9termination du mode de scrutin. A l\u2019\u00e9chelle d\u2019un territoire, le\nrecensement sert notamment \u00e0 pr\u00e9voir des \u00e9quipements collectifs n\u00e9cessaires\n(\u00e9coles, h\u00f4pitaux, etc.), d\u00e9terminer les moyens de transports \u00e0 d\u00e9velopper&#8230;\nLe recensement aide \u00e9galement \u00e0 cibler les besoins en logements, les\nentreprises \u00e0 mieux conna\u00eetre leurs clients, les associations \u00e0 mieux r\u00e9pondre\naux besoins de la population&#8230;<\/p>\n\n\n\n<p>Trois agents recenseurs ont \u00e9t\u00e9 recrut\u00e9s, elles auront toutes un secteur\nd\u00e9fini sur la commune&nbsp;:<\/p>\n\n\n\n<ul class=\"wp-block-list\"><li>Madame Emilia ALVES-COSTA&nbsp;:\nPoncin, Grange-Neuve, Le Lac, quartier de Ville et l\u2019\u00e9tang, les Antas<\/li><li>Madame Giliane\nGROS&nbsp;: La Sanne, Les Baudes, La Madone, Les Eynauds.<\/li><li>Madame Carole\nVILLENEUVE&nbsp;: Rue Emile Romanet, Mont\u00e9e de la Forge, Les Combes, La Ren\u00e8ze.<\/li><\/ul>\n\n\n\n<p>Les agents recenseurs effectuent une tourn\u00e9e de reconnaissance pour rep\u00e9rer\nles logements et avertir de leur passage. <\/p>\n\n\n\n<p>R\u00e9pondre par internet est la mani\u00e8re la plus simple de se faire recenser.\nLes agents recenseurs se pr\u00e9sentent chez les personnes \u00e0 recenser pour leur remettre\nla notice sur laquelle figurent leurs identifiants de connexion au site&nbsp;:\nLe-recensement-et-moi.fr. Elles peuvent ainsi r\u00e9pondre au questionnaire en\nligne. Si les personnes ne peuvent pas r\u00e9pondre par internet, les\nagents recenseurs leur distribuent les questionnaires papier, une feuille de\nlogement et autant de bulletins individuels qu\u2019il y a d\u2019habitants, puis\nconviennent d\u2019un rendez-vous pour venir les r\u00e9cup\u00e9rer.<\/p>\n\n\n\n<p><strong>Le recensement, c&rsquo;est un acte civique utile \u00e0 tous : il est essentiel que\nchacun participe<\/strong><\/p>\n","protected":false},"excerpt":{"rendered":"<p>Le recensement du nombre d\u2019habitants de la commune se d\u00e9roulera du jeudi 16 janvier 2020 au samedi 15 f\u00e9vrier 2020 Le recensement permet de savoir combien de personnes vivent en France et d&rsquo;\u00e9tablir la population officielle de chaque commune. Il fournit \u00e9galement des informations sur les caract\u00e9ristiques de la population [&hellip;]<\/p>\n","protected":false},"author":1,"featured_media":2208,"comment_status":"closed","ping_status":"closed","sticky":false,"template":"","format":"standard","meta":{"_exactmetrics_skip_tracking":false,"_exactmetrics_sitenote_active":false,"_exactmetrics_sitenote_note":"","_exactmetrics_sitenote_category":0,"footnotes":""},"categories":[2],"tags":[],"class_list":["post-2207","post","type-post","status-publish","format-standard","has-post-thumbnail","hentry","category-actu"],"_links":{"self":[{"href":"https:\/\/ville-sous-anjou.fr\/index.php?rest_route=\/wp\/v2\/posts\/2207","targetHints":{"allow":["GET"]}}],"collection":[{"href":"https:\/\/ville-sous-anjou.fr\/index.php?rest_route=\/wp\/v2\/posts"}],"about":[{"href":"https:\/\/ville-sous-anjou.fr\/index.php?rest_route=\/wp\/v2\/types\/post"}],"author":[{"embeddable":true,"href":"https:\/\/ville-sous-anjou.fr\/index.php?rest_route=\/wp\/v2\/users\/1"}],"replies":[{"embeddable":true,"href":"https:\/\/ville-sous-anjou.fr\/index.php?rest_route=%2Fwp%2Fv2%2Fcomments&post=2207"}],"version-history":[{"count":1,"href":"https:\/\/ville-sous-anjou.fr\/index.php?rest_route=\/wp\/v2\/posts\/2207\/revisions"}],"predecessor-version":[{"id":2209,"href":"https:\/\/ville-sous-anjou.fr\/index.php?rest_route=\/wp\/v2\/posts\/2207\/revisions\/2209"}],"wp:featuredmedia":[{"embeddable":true,"href":"https:\/\/ville-sous-anjou.fr\/index.php?rest_route=\/wp\/v2\/media\/2208"}],"wp:attachment":[{"href":"https:\/\/ville-sous-anjou.fr\/index.php?rest_route=%2Fwp%2Fv2%2Fmedia&parent=2207"}],"wp:term":[{"taxonomy":"category","embeddable":true,"href":"https:\/\/ville-sous-anjou.fr\/index.php?rest_route=%2Fwp%2Fv2%2Fcategories&post=2207"},{"taxonomy":"post_tag","embeddable":true,"href":"https:\/\/ville-sous-anjou.fr\/index.php?rest_route=%2Fwp%2Fv2%2Ftags&post=2207"}],"curies":[{"name":"wp","href":"https:\/\/api.w.org\/{rel}","templated":true}]}}