{"id":2211,"date":"2020-01-02T15:50:12","date_gmt":"2020-01-02T15:50:12","guid":{"rendered":"http:\/\/ville-sous-anjou.fr\/?p=2211"},"modified":"2020-01-02T15:57:36","modified_gmt":"2020-01-02T15:57:36","slug":"bonne-annee-2020","status":"publish","type":"post","link":"https:\/\/ville-sous-anjou.fr\/?p=2211","title":{"rendered":"Bonne ann\u00e9e 2020"},"content":{"rendered":"\n<p style=\"text-align:center\">Luc Satre, Maire, le Conseil Municipal de Ville sous Anjou <\/p>\n\n\n\n<p style=\"text-align:center\">vous pr\u00e9sentent leurs meilleurs v\u0153ux pour 2020<\/p>\n\n\n\n<p style=\"text-align:center\">et vous convient \u00e0 la c\u00e9r\u00e9monie des v\u0153ux<\/p>\n\n\n\n<p style=\"text-align:center\"> <strong> le<\/strong> <strong>vendredi 10 janvier 2020 \u00e0 18h30 salle Emile Romanet <\/strong><\/p>\n\n\n\n<p><br><\/p>\n\n\n\n<p><br><\/p>\n\n\n\n<p><br><\/p>\n","protected":false},"excerpt":{"rendered":"<p>Luc Satre, Maire, le Conseil Municipal de Ville sous Anjou vous pr\u00e9sentent leurs meilleurs v\u0153ux pour 2020 et vous convient \u00e0 la c\u00e9r\u00e9monie des v\u0153ux le vendredi 10 janvier 2020 \u00e0 18h30 salle Emile Romanet<\/p>\n","protected":false},"author":1,"featured_media":2213,"comment_status":"closed","ping_status":"closed","sticky":false,"template":"","format":"standard","meta":{"_exactmetrics_skip_tracking":false,"_exactmetrics_sitenote_active":false,"_exactmetrics_sitenote_note":"","_exactmetrics_sitenote_category":0,"footnotes":""},"categories":[2],"tags":[],"class_list":["post-2211","post","type-post","status-publish","format-standard","has-post-thumbnail","hentry","category-actu"],"_links":{"self":[{"href":"https:\/\/ville-sous-anjou.fr\/index.php?rest_route=\/wp\/v2\/posts\/2211","targetHints":{"allow":["GET"]}}],"collection":[{"href":"https:\/\/ville-sous-anjou.fr\/index.php?rest_route=\/wp\/v2\/posts"}],"about":[{"href":"https:\/\/ville-sous-anjou.fr\/index.php?rest_route=\/wp\/v2\/types\/post"}],"author":[{"embeddable":true,"href":"https:\/\/ville-sous-anjou.fr\/index.php?rest_route=\/wp\/v2\/users\/1"}],"replies":[{"embeddable":true,"href":"https:\/\/ville-sous-anjou.fr\/index.php?rest_route=%2Fwp%2Fv2%2Fcomments&post=2211"}],"version-history":[{"count":1,"href":"https:\/\/ville-sous-anjou.fr\/index.php?rest_route=\/wp\/v2\/posts\/2211\/revisions"}],"predecessor-version":[{"id":2212,"href":"https:\/\/ville-sous-anjou.fr\/index.php?rest_route=\/wp\/v2\/posts\/2211\/revisions\/2212"}],"wp:featuredmedia":[{"embeddable":true,"href":"https:\/\/ville-sous-anjou.fr\/index.php?rest_route=\/wp\/v2\/media\/2213"}],"wp:attachment":[{"href":"https:\/\/ville-sous-anjou.fr\/index.php?rest_route=%2Fwp%2Fv2%2Fmedia&parent=2211"}],"wp:term":[{"taxonomy":"category","embeddable":true,"href":"https:\/\/ville-sous-anjou.fr\/index.php?rest_route=%2Fwp%2Fv2%2Fcategories&post=2211"},{"taxonomy":"post_tag","embeddable":true,"href":"https:\/\/ville-sous-anjou.fr\/index.php?rest_route=%2Fwp%2Fv2%2Ftags&post=2211"}],"curies":[{"name":"wp","href":"https:\/\/api.w.org\/{rel}","templated":true}]}}