{"id":2215,"date":"2020-01-23T14:19:20","date_gmt":"2020-01-23T14:19:20","guid":{"rendered":"http:\/\/ville-sous-anjou.fr\/?p=2215"},"modified":"2020-01-23T14:19:41","modified_gmt":"2020-01-23T14:19:41","slug":"decheteries","status":"publish","type":"post","link":"https:\/\/ville-sous-anjou.fr\/?p=2215","title":{"rendered":"D\u00e9ch\u00e8teries"},"content":{"rendered":"\n<p>Depuis le 01\/01\/2020, les d\u00e9ch\u00e8teries publiques sont r\u00e9serv\u00e9es aux particuliers. Ainsi, les professionnels doivent s&rsquo;orienter vers d&rsquo;autres services.  <\/p>\n\n\n\n<p> Les d\u00e9ch\u00e8teries sont accessibles sur pr\u00e9sentation d&rsquo;un justificatif de domicile ou d&rsquo;un badge pour les d\u00e9ch\u00e8teries de Beaurepaire et Montseveroux.  <\/p>\n\n\n\n<p>Tout usager refus\u00e9 en d\u00e9ch\u00e8terie peut s&rsquo;adresser : <\/p>\n\n\n\n<ul class=\"wp-block-list\"><li>au service environnement du si\u00e8ge de la communaut\u00e9 de communes, t\u00e9l 04.74.29.31.15, <\/li><li>ou au p\u00f4le de proximit\u00e9 EBER \u00e0 Beaurepaire, t\u00e9l 04.74.84.67.29. <\/li><\/ul>\n\n\n\n<ul class=\"wp-block-list\"><li><em><strong><a rel=\"noreferrer noopener\" aria-label=\"R\u00e8glement des d\u00e9cheteries (s\u2019ouvre dans un nouvel onglet)\" href=\"http:\/\/ville-sous-anjou.fr\/wp-content\/uploads\/2020\/01\/r\u00e8glement-des-d\u00e9ch\u00e8teries-au-01012020-sign\u00e9.pdf\" target=\"_blank\">R\u00e8glement des d\u00e9cheteries<\/a><\/strong><\/em><\/li><li><em><strong><a href=\"http:\/\/ville-sous-anjou.fr\/wp-content\/uploads\/2020\/01\/depliant_pro_decheterie_2019-11-26_WEB-1.pdf\" target=\"_blank\" rel=\"noreferrer noopener\" aria-label=\"D\u00e9pliant d\u00e9cheteries professionnels (s\u2019ouvre dans un nouvel onglet)\">D\u00e9pliant d\u00e9cheteries professionnels<\/a><\/strong><\/em><\/li><\/ul>\n\n\n\n<p><\/p>\n","protected":false},"excerpt":{"rendered":"<p>Depuis le 01\/01\/2020, les d\u00e9ch\u00e8teries publiques sont r\u00e9serv\u00e9es aux particuliers. Ainsi, les professionnels doivent s&rsquo;orienter vers d&rsquo;autres services. Les d\u00e9ch\u00e8teries sont accessibles sur pr\u00e9sentation d&rsquo;un justificatif de domicile ou d&rsquo;un badge pour les d\u00e9ch\u00e8teries de Beaurepaire et Montseveroux. Tout usager refus\u00e9 en d\u00e9ch\u00e8terie peut s&rsquo;adresser : au service environnement du [&hellip;]<\/p>\n","protected":false},"author":1,"featured_media":893,"comment_status":"closed","ping_status":"closed","sticky":false,"template":"","format":"standard","meta":{"_exactmetrics_skip_tracking":false,"_exactmetrics_sitenote_active":false,"_exactmetrics_sitenote_note":"","_exactmetrics_sitenote_category":0,"footnotes":""},"categories":[9],"tags":[],"class_list":["post-2215","post","type-post","status-publish","format-standard","has-post-thumbnail","hentry","category-environnement"],"_links":{"self":[{"href":"https:\/\/ville-sous-anjou.fr\/index.php?rest_route=\/wp\/v2\/posts\/2215","targetHints":{"allow":["GET"]}}],"collection":[{"href":"https:\/\/ville-sous-anjou.fr\/index.php?rest_route=\/wp\/v2\/posts"}],"about":[{"href":"https:\/\/ville-sous-anjou.fr\/index.php?rest_route=\/wp\/v2\/types\/post"}],"author":[{"embeddable":true,"href":"https:\/\/ville-sous-anjou.fr\/index.php?rest_route=\/wp\/v2\/users\/1"}],"replies":[{"embeddable":true,"href":"https:\/\/ville-sous-anjou.fr\/index.php?rest_route=%2Fwp%2Fv2%2Fcomments&post=2215"}],"version-history":[{"count":1,"href":"https:\/\/ville-sous-anjou.fr\/index.php?rest_route=\/wp\/v2\/posts\/2215\/revisions"}],"predecessor-version":[{"id":2218,"href":"https:\/\/ville-sous-anjou.fr\/index.php?rest_route=\/wp\/v2\/posts\/2215\/revisions\/2218"}],"wp:featuredmedia":[{"embeddable":true,"href":"https:\/\/ville-sous-anjou.fr\/index.php?rest_route=\/wp\/v2\/media\/893"}],"wp:attachment":[{"href":"https:\/\/ville-sous-anjou.fr\/index.php?rest_route=%2Fwp%2Fv2%2Fmedia&parent=2215"}],"wp:term":[{"taxonomy":"category","embeddable":true,"href":"https:\/\/ville-sous-anjou.fr\/index.php?rest_route=%2Fwp%2Fv2%2Fcategories&post=2215"},{"taxonomy":"post_tag","embeddable":true,"href":"https:\/\/ville-sous-anjou.fr\/index.php?rest_route=%2Fwp%2Fv2%2Ftags&post=2215"}],"curies":[{"name":"wp","href":"https:\/\/api.w.org\/{rel}","templated":true}]}}