{"id":2249,"date":"2020-04-20T09:01:11","date_gmt":"2020-04-20T09:01:11","guid":{"rendered":"http:\/\/ville-sous-anjou.fr\/?p=2249"},"modified":"2020-04-20T09:01:13","modified_gmt":"2020-04-20T09:01:13","slug":"report-des-collectes-des-dechets-menagers-les-jours-feries","status":"publish","type":"post","link":"https:\/\/ville-sous-anjou.fr\/?p=2249","title":{"rendered":"Report des collectes des d\u00e9chets m\u00e9nagers les jours f\u00e9ri\u00e9s!"},"content":{"rendered":"\n<p>Les collectes des&nbsp; vendredis 1 mai et&nbsp; 8 mai, sont respectivement report\u00e9es au samedi 2 mai et au samedi 9 mai.<\/p>\n\n\n\n<p>Il est conseill\u00e9 de sortir Ies conteneurs&nbsp; la veille afin de&nbsp; ne pas manquer la collecte.<\/p>\n","protected":false},"excerpt":{"rendered":"<p>Les collectes des&nbsp; vendredis 1 mai et&nbsp; 8 mai, sont respectivement report\u00e9es au samedi 2 mai et au samedi 9 mai. Il est conseill\u00e9 de sortir Ies conteneurs&nbsp; la veille afin de&nbsp; ne pas manquer la collecte.<\/p>\n","protected":false},"author":1,"featured_media":1819,"comment_status":"closed","ping_status":"closed","sticky":false,"template":"","format":"standard","meta":{"_exactmetrics_skip_tracking":false,"_exactmetrics_sitenote_active":false,"_exactmetrics_sitenote_note":"","_exactmetrics_sitenote_category":0,"footnotes":""},"categories":[9],"tags":[],"class_list":["post-2249","post","type-post","status-publish","format-standard","has-post-thumbnail","hentry","category-environnement"],"_links":{"self":[{"href":"https:\/\/ville-sous-anjou.fr\/index.php?rest_route=\/wp\/v2\/posts\/2249","targetHints":{"allow":["GET"]}}],"collection":[{"href":"https:\/\/ville-sous-anjou.fr\/index.php?rest_route=\/wp\/v2\/posts"}],"about":[{"href":"https:\/\/ville-sous-anjou.fr\/index.php?rest_route=\/wp\/v2\/types\/post"}],"author":[{"embeddable":true,"href":"https:\/\/ville-sous-anjou.fr\/index.php?rest_route=\/wp\/v2\/users\/1"}],"replies":[{"embeddable":true,"href":"https:\/\/ville-sous-anjou.fr\/index.php?rest_route=%2Fwp%2Fv2%2Fcomments&post=2249"}],"version-history":[{"count":1,"href":"https:\/\/ville-sous-anjou.fr\/index.php?rest_route=\/wp\/v2\/posts\/2249\/revisions"}],"predecessor-version":[{"id":2250,"href":"https:\/\/ville-sous-anjou.fr\/index.php?rest_route=\/wp\/v2\/posts\/2249\/revisions\/2250"}],"wp:featuredmedia":[{"embeddable":true,"href":"https:\/\/ville-sous-anjou.fr\/index.php?rest_route=\/wp\/v2\/media\/1819"}],"wp:attachment":[{"href":"https:\/\/ville-sous-anjou.fr\/index.php?rest_route=%2Fwp%2Fv2%2Fmedia&parent=2249"}],"wp:term":[{"taxonomy":"category","embeddable":true,"href":"https:\/\/ville-sous-anjou.fr\/index.php?rest_route=%2Fwp%2Fv2%2Fcategories&post=2249"},{"taxonomy":"post_tag","embeddable":true,"href":"https:\/\/ville-sous-anjou.fr\/index.php?rest_route=%2Fwp%2Fv2%2Ftags&post=2249"}],"curies":[{"name":"wp","href":"https:\/\/api.w.org\/{rel}","templated":true}]}}