{"id":2259,"date":"2020-04-28T06:22:06","date_gmt":"2020-04-28T06:22:06","guid":{"rendered":"http:\/\/ville-sous-anjou.fr\/?p=2259"},"modified":"2020-04-28T06:22:08","modified_gmt":"2020-04-28T06:22:08","slug":"reouverture-de-la-dechetterie-le-28-avril","status":"publish","type":"post","link":"https:\/\/ville-sous-anjou.fr\/?p=2259","title":{"rendered":"R\u00e9ouverture de la d\u00e9chetterie le 28 avril!"},"content":{"rendered":"\n<p>Pour la  p\u00e9riode <strong>du 28 avril au 7 mai,<\/strong> la d\u00e9chetterie de Ville sous Anjou ainsi  que celles du P\u00e9age de Roussillon, Salaise sur Sanne et Saint Clair du  Rh\u00f4ne seront ouvertes <strong>du lundi au jeudi de 9h \u00e0 12h et de 14h \u00e0 18h<\/strong>.Durant  la p\u00e9riode de confinement il faudra se munir de l&rsquo;attestation de  d\u00e9placement d\u00e9rogatoire avec le motif \u00ab\u00a0D\u00e9placements pour effectuer des  achats&#8230;.\u00a0\u00bb Il faudra conserver chez soi encore quelques temps les  encombrants ( canap\u00e9, lit, mobilier de jardin&#8230;). Le r\u00e8glement des  d\u00e9chetteries, conditions d&rsquo;acc\u00e8s, limitation de volume, reste en  vigueuer. Les acc\u00e8s sont\u00a0 organis\u00e9s pour veiller aux r\u00e8gles sanitaires.  Trois v\u00e9hicules en simultan\u00e9 sont autoris\u00e9s \u00e0 effectuer un d\u00e9p\u00f4t. <\/p>\n","protected":false},"excerpt":{"rendered":"<p>Pour la p\u00e9riode du 28 avril au 7 mai, la d\u00e9chetterie de Ville sous Anjou ainsi que celles du P\u00e9age de Roussillon, Salaise sur Sanne et Saint Clair du Rh\u00f4ne seront ouvertes du lundi au jeudi de 9h \u00e0 12h et de 14h \u00e0 18h.Durant la p\u00e9riode de confinement il [&hellip;]<\/p>\n","protected":false},"author":1,"featured_media":893,"comment_status":"closed","ping_status":"closed","sticky":false,"template":"","format":"standard","meta":{"_exactmetrics_skip_tracking":false,"_exactmetrics_sitenote_active":false,"_exactmetrics_sitenote_note":"","_exactmetrics_sitenote_category":0,"footnotes":""},"categories":[9],"tags":[],"class_list":["post-2259","post","type-post","status-publish","format-standard","has-post-thumbnail","hentry","category-environnement"],"_links":{"self":[{"href":"https:\/\/ville-sous-anjou.fr\/index.php?rest_route=\/wp\/v2\/posts\/2259","targetHints":{"allow":["GET"]}}],"collection":[{"href":"https:\/\/ville-sous-anjou.fr\/index.php?rest_route=\/wp\/v2\/posts"}],"about":[{"href":"https:\/\/ville-sous-anjou.fr\/index.php?rest_route=\/wp\/v2\/types\/post"}],"author":[{"embeddable":true,"href":"https:\/\/ville-sous-anjou.fr\/index.php?rest_route=\/wp\/v2\/users\/1"}],"replies":[{"embeddable":true,"href":"https:\/\/ville-sous-anjou.fr\/index.php?rest_route=%2Fwp%2Fv2%2Fcomments&post=2259"}],"version-history":[{"count":1,"href":"https:\/\/ville-sous-anjou.fr\/index.php?rest_route=\/wp\/v2\/posts\/2259\/revisions"}],"predecessor-version":[{"id":2260,"href":"https:\/\/ville-sous-anjou.fr\/index.php?rest_route=\/wp\/v2\/posts\/2259\/revisions\/2260"}],"wp:featuredmedia":[{"embeddable":true,"href":"https:\/\/ville-sous-anjou.fr\/index.php?rest_route=\/wp\/v2\/media\/893"}],"wp:attachment":[{"href":"https:\/\/ville-sous-anjou.fr\/index.php?rest_route=%2Fwp%2Fv2%2Fmedia&parent=2259"}],"wp:term":[{"taxonomy":"category","embeddable":true,"href":"https:\/\/ville-sous-anjou.fr\/index.php?rest_route=%2Fwp%2Fv2%2Fcategories&post=2259"},{"taxonomy":"post_tag","embeddable":true,"href":"https:\/\/ville-sous-anjou.fr\/index.php?rest_route=%2Fwp%2Fv2%2Ftags&post=2259"}],"curies":[{"name":"wp","href":"https:\/\/api.w.org\/{rel}","templated":true}]}}