{"id":2275,"date":"2020-05-26T14:39:42","date_gmt":"2020-05-26T14:39:42","guid":{"rendered":"http:\/\/ville-sous-anjou.fr\/?p=2275"},"modified":"2020-05-26T14:39:43","modified_gmt":"2020-05-26T14:39:43","slug":"report-de-la-collecte-des-dechets-du-lundi-1er-juin-ferie","status":"publish","type":"post","link":"https:\/\/ville-sous-anjou.fr\/?p=2275","title":{"rendered":"Report de la collecte des d\u00e9chets  du lundi 1er juin f\u00e9ri\u00e9"},"content":{"rendered":"\n<p>La collecte des d\u00e9chets m\u00e9nagers recyclables ( conteneur jaune) du lundi 1er juin est report\u00e9e au  mardi 2 juin.<\/p>\n\n\n\n<p>Les bacs doivent \u00eatre sortis la veille au soir pour ne pas manquer la collecte.<\/p>\n","protected":false},"excerpt":{"rendered":"<p>La collecte des d\u00e9chets m\u00e9nagers recyclables ( conteneur jaune) du lundi 1er juin est report\u00e9e au mardi 2 juin. Les bacs doivent \u00eatre sortis la veille au soir pour ne pas manquer la collecte.<\/p>\n","protected":false},"author":1,"featured_media":1819,"comment_status":"closed","ping_status":"closed","sticky":false,"template":"","format":"standard","meta":{"_exactmetrics_skip_tracking":false,"_exactmetrics_sitenote_active":false,"_exactmetrics_sitenote_note":"","_exactmetrics_sitenote_category":0,"footnotes":""},"categories":[9],"tags":[],"class_list":["post-2275","post","type-post","status-publish","format-standard","has-post-thumbnail","hentry","category-environnement"],"_links":{"self":[{"href":"https:\/\/ville-sous-anjou.fr\/index.php?rest_route=\/wp\/v2\/posts\/2275","targetHints":{"allow":["GET"]}}],"collection":[{"href":"https:\/\/ville-sous-anjou.fr\/index.php?rest_route=\/wp\/v2\/posts"}],"about":[{"href":"https:\/\/ville-sous-anjou.fr\/index.php?rest_route=\/wp\/v2\/types\/post"}],"author":[{"embeddable":true,"href":"https:\/\/ville-sous-anjou.fr\/index.php?rest_route=\/wp\/v2\/users\/1"}],"replies":[{"embeddable":true,"href":"https:\/\/ville-sous-anjou.fr\/index.php?rest_route=%2Fwp%2Fv2%2Fcomments&post=2275"}],"version-history":[{"count":1,"href":"https:\/\/ville-sous-anjou.fr\/index.php?rest_route=\/wp\/v2\/posts\/2275\/revisions"}],"predecessor-version":[{"id":2276,"href":"https:\/\/ville-sous-anjou.fr\/index.php?rest_route=\/wp\/v2\/posts\/2275\/revisions\/2276"}],"wp:featuredmedia":[{"embeddable":true,"href":"https:\/\/ville-sous-anjou.fr\/index.php?rest_route=\/wp\/v2\/media\/1819"}],"wp:attachment":[{"href":"https:\/\/ville-sous-anjou.fr\/index.php?rest_route=%2Fwp%2Fv2%2Fmedia&parent=2275"}],"wp:term":[{"taxonomy":"category","embeddable":true,"href":"https:\/\/ville-sous-anjou.fr\/index.php?rest_route=%2Fwp%2Fv2%2Fcategories&post=2275"},{"taxonomy":"post_tag","embeddable":true,"href":"https:\/\/ville-sous-anjou.fr\/index.php?rest_route=%2Fwp%2Fv2%2Ftags&post=2275"}],"curies":[{"name":"wp","href":"https:\/\/api.w.org\/{rel}","templated":true}]}}