{"id":2277,"date":"2020-06-02T06:18:04","date_gmt":"2020-06-02T06:18:04","guid":{"rendered":"http:\/\/ville-sous-anjou.fr\/?p=2277"},"modified":"2020-06-02T06:19:53","modified_gmt":"2020-06-02T06:19:53","slug":"coupures-delectricite-2","status":"publish","type":"post","link":"https:\/\/ville-sous-anjou.fr\/?p=2277","title":{"rendered":"Coupures d&rsquo;\u00e9lectricit\u00e9 mercredi 17 juin 2020"},"content":{"rendered":"\n<p>Pour r\u00e9pondre aux besoins de sa client\u00e8le, Enedis a pr\u00e9vu de r\u00e9aliser sur le r\u00e9seau de distribution des travaux qui entra\u00eeneront une ou plusieurs coupures d\u2019\u00e9lectricit\u00e9 le <strong>mercredi 17 juin 2020 de 08h30 \u00e0 12h00<\/strong><\/p>\n\n\n\n<p>Quartiers ou lieux-dits :<\/p>\n\n\n\n<ul class=\"wp-block-list\"><li>1 au 7, 15 au 21, 25, 69, 23A, 23B ROUTE DE LA CHAPELLE<\/li><\/ul>\n\n\n\n<ul class=\"wp-block-list\"><li>41, 51 au 53, 40, 50 au 52, 56 au 58 ROUTE DE VIENNE<\/li><\/ul>\n\n\n\n<ul class=\"wp-block-list\"><li>2 au 6, 10 au 14 CHEMIN DES VERGERS<\/li><\/ul>\n\n\n\n<p><\/p>\n","protected":false},"excerpt":{"rendered":"<p>Pour r\u00e9pondre aux besoins de sa client\u00e8le, Enedis a pr\u00e9vu de r\u00e9aliser sur le r\u00e9seau de distribution des travaux qui entra\u00eeneront une ou plusieurs coupures d\u2019\u00e9lectricit\u00e9 le mercredi 17 juin 2020 de 08h30 \u00e0 12h00 Quartiers ou lieux-dits : 1 au 7, 15 au 21, 25, 69, 23A, 23B ROUTE [&hellip;]<\/p>\n","protected":false},"author":1,"featured_media":1977,"comment_status":"closed","ping_status":"closed","sticky":false,"template":"","format":"standard","meta":{"_exactmetrics_skip_tracking":false,"_exactmetrics_sitenote_active":false,"_exactmetrics_sitenote_note":"","_exactmetrics_sitenote_category":0,"footnotes":""},"categories":[2],"tags":[],"class_list":["post-2277","post","type-post","status-publish","format-standard","has-post-thumbnail","hentry","category-actu"],"_links":{"self":[{"href":"https:\/\/ville-sous-anjou.fr\/index.php?rest_route=\/wp\/v2\/posts\/2277","targetHints":{"allow":["GET"]}}],"collection":[{"href":"https:\/\/ville-sous-anjou.fr\/index.php?rest_route=\/wp\/v2\/posts"}],"about":[{"href":"https:\/\/ville-sous-anjou.fr\/index.php?rest_route=\/wp\/v2\/types\/post"}],"author":[{"embeddable":true,"href":"https:\/\/ville-sous-anjou.fr\/index.php?rest_route=\/wp\/v2\/users\/1"}],"replies":[{"embeddable":true,"href":"https:\/\/ville-sous-anjou.fr\/index.php?rest_route=%2Fwp%2Fv2%2Fcomments&post=2277"}],"version-history":[{"count":2,"href":"https:\/\/ville-sous-anjou.fr\/index.php?rest_route=\/wp\/v2\/posts\/2277\/revisions"}],"predecessor-version":[{"id":2279,"href":"https:\/\/ville-sous-anjou.fr\/index.php?rest_route=\/wp\/v2\/posts\/2277\/revisions\/2279"}],"wp:featuredmedia":[{"embeddable":true,"href":"https:\/\/ville-sous-anjou.fr\/index.php?rest_route=\/wp\/v2\/media\/1977"}],"wp:attachment":[{"href":"https:\/\/ville-sous-anjou.fr\/index.php?rest_route=%2Fwp%2Fv2%2Fmedia&parent=2277"}],"wp:term":[{"taxonomy":"category","embeddable":true,"href":"https:\/\/ville-sous-anjou.fr\/index.php?rest_route=%2Fwp%2Fv2%2Fcategories&post=2277"},{"taxonomy":"post_tag","embeddable":true,"href":"https:\/\/ville-sous-anjou.fr\/index.php?rest_route=%2Fwp%2Fv2%2Ftags&post=2277"}],"curies":[{"name":"wp","href":"https:\/\/api.w.org\/{rel}","templated":true}]}}