{"id":2291,"date":"2020-06-15T06:06:36","date_gmt":"2020-06-15T06:06:36","guid":{"rendered":"http:\/\/ville-sous-anjou.fr\/?p=2291"},"modified":"2020-06-15T06:06:37","modified_gmt":"2020-06-15T06:06:37","slug":"collecte-exceptionnelle-de-pneus-et-radiographies-argentiques","status":"publish","type":"post","link":"https:\/\/ville-sous-anjou.fr\/?p=2291","title":{"rendered":"Collecte exceptionnelle de pneus et radiographies argentiques"},"content":{"rendered":"\n<p>R\u00e9serv\u00e9e aux particuliers*<\/p>\n\n\n\n<p>Jusqu\u2019au 15 juillet puis en novembre 2020, vous pouvez apporter \u00e0 la d\u00e9ch\u00e8terie de Saint-Clair-du-Rh\u00f4ne ZA de Varambon :<\/p>\n\n\n\n<ul class=\"wp-block-list\"><li>Anciennes radiographies argentiques (sans leurs pochettes)<\/li><li>Pneus hors d\u2019usage orphelins (v\u00e9hicules l\u00e9gers uniquement, sans jante)<\/li><\/ul>\n\n\n\n<p>Important : <\/p>\n\n\n\n<p>\u2022 Munissez-vous d\u2019un justificatif de domicile \u00e0 chaque passage en d\u00e9ch\u00e8terie<br>\u2022 En dehors de ces p\u00e9riodes, le d\u00e9p\u00f4t de pneus et de radiographies<br>en d\u00e9ch\u00e8terie est interdit<\/p>\n\n\n\n<p><em>*Op\u00e9ration ouverte aux habitants des communes suivantes : Agnin, Anjou, Assieu, Auberives-sur-Var\u00e8ze, Boug\u00e9-Chambalud, Chanas, Cheyssieu, Clonas-sur-Var\u00e8ze, La Chapelle-de-Surieu, Le P\u00e9age-de-Roussillon, Les Roches-de-Condrieu, Roussillon, Sablons, Saint-Alban-du-Rh\u00f4ne, Saint-Clair-du-Rh\u00f4ne, Saint-Maurice-l\u2019Exil, Saint-Prim, Saint-Romain-de-Surieu, Salaise-sur-Sanne, Sonnay, Vernioz, Ville-sous-Anjou.<\/em><\/p>\n","protected":false},"excerpt":{"rendered":"<p>R\u00e9serv\u00e9e aux particuliers* Jusqu\u2019au 15 juillet puis en novembre 2020, vous pouvez apporter \u00e0 la d\u00e9ch\u00e8terie de Saint-Clair-du-Rh\u00f4ne ZA de Varambon : Anciennes radiographies argentiques (sans leurs pochettes) Pneus hors d\u2019usage orphelins (v\u00e9hicules l\u00e9gers uniquement, sans jante) Important : \u2022 Munissez-vous d\u2019un justificatif de domicile \u00e0 chaque passage en d\u00e9ch\u00e8terie\u2022 [&hellip;]<\/p>\n","protected":false},"author":1,"featured_media":2292,"comment_status":"closed","ping_status":"closed","sticky":false,"template":"","format":"standard","meta":{"_exactmetrics_skip_tracking":false,"_exactmetrics_sitenote_active":false,"_exactmetrics_sitenote_note":"","_exactmetrics_sitenote_category":0,"footnotes":""},"categories":[9],"tags":[],"class_list":["post-2291","post","type-post","status-publish","format-standard","has-post-thumbnail","hentry","category-environnement"],"_links":{"self":[{"href":"https:\/\/ville-sous-anjou.fr\/index.php?rest_route=\/wp\/v2\/posts\/2291","targetHints":{"allow":["GET"]}}],"collection":[{"href":"https:\/\/ville-sous-anjou.fr\/index.php?rest_route=\/wp\/v2\/posts"}],"about":[{"href":"https:\/\/ville-sous-anjou.fr\/index.php?rest_route=\/wp\/v2\/types\/post"}],"author":[{"embeddable":true,"href":"https:\/\/ville-sous-anjou.fr\/index.php?rest_route=\/wp\/v2\/users\/1"}],"replies":[{"embeddable":true,"href":"https:\/\/ville-sous-anjou.fr\/index.php?rest_route=%2Fwp%2Fv2%2Fcomments&post=2291"}],"version-history":[{"count":2,"href":"https:\/\/ville-sous-anjou.fr\/index.php?rest_route=\/wp\/v2\/posts\/2291\/revisions"}],"predecessor-version":[{"id":2294,"href":"https:\/\/ville-sous-anjou.fr\/index.php?rest_route=\/wp\/v2\/posts\/2291\/revisions\/2294"}],"wp:featuredmedia":[{"embeddable":true,"href":"https:\/\/ville-sous-anjou.fr\/index.php?rest_route=\/wp\/v2\/media\/2292"}],"wp:attachment":[{"href":"https:\/\/ville-sous-anjou.fr\/index.php?rest_route=%2Fwp%2Fv2%2Fmedia&parent=2291"}],"wp:term":[{"taxonomy":"category","embeddable":true,"href":"https:\/\/ville-sous-anjou.fr\/index.php?rest_route=%2Fwp%2Fv2%2Fcategories&post=2291"},{"taxonomy":"post_tag","embeddable":true,"href":"https:\/\/ville-sous-anjou.fr\/index.php?rest_route=%2Fwp%2Fv2%2Ftags&post=2291"}],"curies":[{"name":"wp","href":"https:\/\/api.w.org\/{rel}","templated":true}]}}