{"id":2324,"date":"2020-07-27T05:40:27","date_gmt":"2020-07-27T05:40:27","guid":{"rendered":"http:\/\/ville-sous-anjou.fr\/?p=2324"},"modified":"2020-07-27T06:00:18","modified_gmt":"2020-07-27T06:00:18","slug":"fermeture-exceptionnelle-du-secretariat-de-mairie","status":"publish","type":"post","link":"https:\/\/ville-sous-anjou.fr\/?p=2324","title":{"rendered":"Fermeture exceptionnelle du secr\u00e9tariat de Mairie"},"content":{"rendered":"\n<p>Exceptionnellement le secr\u00e9tariat de Mairie sera ferm\u00e9 le <strong>samedi 1er ao\u00fbt<\/strong> 2<strong>020<\/strong>.<\/p>\n","protected":false},"excerpt":{"rendered":"<p>Exceptionnellement le secr\u00e9tariat de Mairie sera ferm\u00e9 le samedi 1er ao\u00fbt 2020.<\/p>\n","protected":false},"author":1,"featured_media":442,"comment_status":"closed","ping_status":"closed","sticky":false,"template":"","format":"standard","meta":{"_exactmetrics_skip_tracking":false,"_exactmetrics_sitenote_active":false,"_exactmetrics_sitenote_note":"","_exactmetrics_sitenote_category":0,"footnotes":""},"categories":[3],"tags":[],"class_list":["post-2324","post","type-post","status-publish","format-standard","has-post-thumbnail","hentry","category-institution"],"_links":{"self":[{"href":"https:\/\/ville-sous-anjou.fr\/index.php?rest_route=\/wp\/v2\/posts\/2324","targetHints":{"allow":["GET"]}}],"collection":[{"href":"https:\/\/ville-sous-anjou.fr\/index.php?rest_route=\/wp\/v2\/posts"}],"about":[{"href":"https:\/\/ville-sous-anjou.fr\/index.php?rest_route=\/wp\/v2\/types\/post"}],"author":[{"embeddable":true,"href":"https:\/\/ville-sous-anjou.fr\/index.php?rest_route=\/wp\/v2\/users\/1"}],"replies":[{"embeddable":true,"href":"https:\/\/ville-sous-anjou.fr\/index.php?rest_route=%2Fwp%2Fv2%2Fcomments&post=2324"}],"version-history":[{"count":2,"href":"https:\/\/ville-sous-anjou.fr\/index.php?rest_route=\/wp\/v2\/posts\/2324\/revisions"}],"predecessor-version":[{"id":2327,"href":"https:\/\/ville-sous-anjou.fr\/index.php?rest_route=\/wp\/v2\/posts\/2324\/revisions\/2327"}],"wp:featuredmedia":[{"embeddable":true,"href":"https:\/\/ville-sous-anjou.fr\/index.php?rest_route=\/wp\/v2\/media\/442"}],"wp:attachment":[{"href":"https:\/\/ville-sous-anjou.fr\/index.php?rest_route=%2Fwp%2Fv2%2Fmedia&parent=2324"}],"wp:term":[{"taxonomy":"category","embeddable":true,"href":"https:\/\/ville-sous-anjou.fr\/index.php?rest_route=%2Fwp%2Fv2%2Fcategories&post=2324"},{"taxonomy":"post_tag","embeddable":true,"href":"https:\/\/ville-sous-anjou.fr\/index.php?rest_route=%2Fwp%2Fv2%2Ftags&post=2324"}],"curies":[{"name":"wp","href":"https:\/\/api.w.org\/{rel}","templated":true}]}}