{"id":2329,"date":"2020-08-20T12:22:34","date_gmt":"2020-08-20T12:22:34","guid":{"rendered":"http:\/\/ville-sous-anjou.fr\/?p=2329"},"modified":"2020-08-20T12:22:35","modified_gmt":"2020-08-20T12:22:35","slug":"le-ministere-des-armees-vous-informe","status":"publish","type":"post","link":"https:\/\/ville-sous-anjou.fr\/?p=2329","title":{"rendered":"Le minist\u00e8re des arm\u00e9es vous informe!"},"content":{"rendered":"\n<p>Voici toutes les informations concernant la pr\u00e9paration militaire de la marine de Grenoble et Vienne pour l&rsquo;ann\u00e9e 2020\/2021<\/p>\n\n\n\n<ul class=\"wp-block-list\"><li><a rel=\"noreferrer noopener\" href=\"http:\/\/ville-sous-anjou.fr\/wp-content\/uploads\/2020\/08\/Affiche-PMM-GRENOBLE-2020-2021.pdf\" target=\"_blank\">affiche d&rsquo;information<\/a><\/li><li><a href=\"http:\/\/ville-sous-anjou.fr\/wp-content\/uploads\/2020\/08\/dossier-pmm-2019-a-2022.pdf\" target=\"_blank\" rel=\"noreferrer noopener\">dossier \u00e0 t\u00e9l\u00e9charger<\/a><\/li><\/ul>\n\n\n\n<p><\/p>\n","protected":false},"excerpt":{"rendered":"<p>Voici toutes les informations concernant la pr\u00e9paration militaire de la marine de Grenoble et Vienne pour l&rsquo;ann\u00e9e 2020\/2021 affiche d&rsquo;information dossier \u00e0 t\u00e9l\u00e9charger<\/p>\n","protected":false},"author":1,"featured_media":2335,"comment_status":"closed","ping_status":"closed","sticky":false,"template":"","format":"standard","meta":{"_exactmetrics_skip_tracking":false,"_exactmetrics_sitenote_active":false,"_exactmetrics_sitenote_note":"","_exactmetrics_sitenote_category":0,"footnotes":""},"categories":[1],"tags":[],"class_list":["post-2329","post","type-post","status-publish","format-standard","has-post-thumbnail","hentry","category-non-classe"],"_links":{"self":[{"href":"https:\/\/ville-sous-anjou.fr\/index.php?rest_route=\/wp\/v2\/posts\/2329","targetHints":{"allow":["GET"]}}],"collection":[{"href":"https:\/\/ville-sous-anjou.fr\/index.php?rest_route=\/wp\/v2\/posts"}],"about":[{"href":"https:\/\/ville-sous-anjou.fr\/index.php?rest_route=\/wp\/v2\/types\/post"}],"author":[{"embeddable":true,"href":"https:\/\/ville-sous-anjou.fr\/index.php?rest_route=\/wp\/v2\/users\/1"}],"replies":[{"embeddable":true,"href":"https:\/\/ville-sous-anjou.fr\/index.php?rest_route=%2Fwp%2Fv2%2Fcomments&post=2329"}],"version-history":[{"count":2,"href":"https:\/\/ville-sous-anjou.fr\/index.php?rest_route=\/wp\/v2\/posts\/2329\/revisions"}],"predecessor-version":[{"id":2336,"href":"https:\/\/ville-sous-anjou.fr\/index.php?rest_route=\/wp\/v2\/posts\/2329\/revisions\/2336"}],"wp:featuredmedia":[{"embeddable":true,"href":"https:\/\/ville-sous-anjou.fr\/index.php?rest_route=\/wp\/v2\/media\/2335"}],"wp:attachment":[{"href":"https:\/\/ville-sous-anjou.fr\/index.php?rest_route=%2Fwp%2Fv2%2Fmedia&parent=2329"}],"wp:term":[{"taxonomy":"category","embeddable":true,"href":"https:\/\/ville-sous-anjou.fr\/index.php?rest_route=%2Fwp%2Fv2%2Fcategories&post=2329"},{"taxonomy":"post_tag","embeddable":true,"href":"https:\/\/ville-sous-anjou.fr\/index.php?rest_route=%2Fwp%2Fv2%2Ftags&post=2329"}],"curies":[{"name":"wp","href":"https:\/\/api.w.org\/{rel}","templated":true}]}}