{"id":2337,"date":"2020-08-20T12:24:34","date_gmt":"2020-08-20T12:24:34","guid":{"rendered":"http:\/\/ville-sous-anjou.fr\/?p=2337"},"modified":"2020-08-20T12:26:37","modified_gmt":"2020-08-20T12:26:37","slug":"lallergie-au-pollen-dambroisie-arrive","status":"publish","type":"post","link":"https:\/\/ville-sous-anjou.fr\/?p=2337","title":{"rendered":"L&rsquo;allergie au pollen d&rsquo;ambroisie arrive!"},"content":{"rendered":"\n<p>Agir contre l&rsquo;ambroisie est un enjeu majeur de sant\u00e9 publique qui requiert l&rsquo;implication de tous et c&rsquo;est pour cela qu&rsquo;une plateforme interactive de signalement a \u00e9t\u00e9 mise en place depuis 2014. Lire la suite&#8230;.&nbsp;<\/p>\n\n\n\n<ul class=\"wp-block-list\"><li><a rel=\"noreferrer noopener\" href=\"http:\/\/ville-sous-anjou.fr\/wp-content\/uploads\/2020\/08\/Encart_presse.png\" target=\"_blank\">Encart presse<\/a><\/li><li><a href=\"http:\/\/ville-sous-anjou.fr\/wp-content\/uploads\/2020\/08\/COMMUNIQUE-DE-PRESSE-RNSA-OBSERVATOIRE-DES-AMBROISIES-AOUT-2020-VF.pdf\" target=\"_blank\" rel=\"noreferrer noopener\">Communiqu\u00e9 de presse<\/a><\/li><\/ul>\n\n\n\n<p><\/p>\n","protected":false},"excerpt":{"rendered":"<p>Agir contre l&rsquo;ambroisie est un enjeu majeur de sant\u00e9 publique qui requiert l&rsquo;implication de tous et c&rsquo;est pour cela qu&rsquo;une plateforme interactive de signalement a \u00e9t\u00e9 mise en place depuis 2014. Lire la suite&#8230;.&nbsp; Encart presse Communiqu\u00e9 de presse<\/p>\n","protected":false},"author":1,"featured_media":2331,"comment_status":"closed","ping_status":"closed","sticky":false,"template":"","format":"standard","meta":{"_exactmetrics_skip_tracking":false,"_exactmetrics_sitenote_active":false,"_exactmetrics_sitenote_note":"","_exactmetrics_sitenote_category":0,"footnotes":""},"categories":[9,21],"tags":[],"class_list":["post-2337","post","type-post","status-publish","format-standard","has-post-thumbnail","hentry","category-environnement","category-la-sante"],"_links":{"self":[{"href":"https:\/\/ville-sous-anjou.fr\/index.php?rest_route=\/wp\/v2\/posts\/2337","targetHints":{"allow":["GET"]}}],"collection":[{"href":"https:\/\/ville-sous-anjou.fr\/index.php?rest_route=\/wp\/v2\/posts"}],"about":[{"href":"https:\/\/ville-sous-anjou.fr\/index.php?rest_route=\/wp\/v2\/types\/post"}],"author":[{"embeddable":true,"href":"https:\/\/ville-sous-anjou.fr\/index.php?rest_route=\/wp\/v2\/users\/1"}],"replies":[{"embeddable":true,"href":"https:\/\/ville-sous-anjou.fr\/index.php?rest_route=%2Fwp%2Fv2%2Fcomments&post=2337"}],"version-history":[{"count":2,"href":"https:\/\/ville-sous-anjou.fr\/index.php?rest_route=\/wp\/v2\/posts\/2337\/revisions"}],"predecessor-version":[{"id":2339,"href":"https:\/\/ville-sous-anjou.fr\/index.php?rest_route=\/wp\/v2\/posts\/2337\/revisions\/2339"}],"wp:featuredmedia":[{"embeddable":true,"href":"https:\/\/ville-sous-anjou.fr\/index.php?rest_route=\/wp\/v2\/media\/2331"}],"wp:attachment":[{"href":"https:\/\/ville-sous-anjou.fr\/index.php?rest_route=%2Fwp%2Fv2%2Fmedia&parent=2337"}],"wp:term":[{"taxonomy":"category","embeddable":true,"href":"https:\/\/ville-sous-anjou.fr\/index.php?rest_route=%2Fwp%2Fv2%2Fcategories&post=2337"},{"taxonomy":"post_tag","embeddable":true,"href":"https:\/\/ville-sous-anjou.fr\/index.php?rest_route=%2Fwp%2Fv2%2Ftags&post=2337"}],"curies":[{"name":"wp","href":"https:\/\/api.w.org\/{rel}","templated":true}]}}