{"id":2344,"date":"2020-09-08T06:16:00","date_gmt":"2020-09-08T06:16:00","guid":{"rendered":"http:\/\/ville-sous-anjou.fr\/?p=2344"},"modified":"2020-09-08T09:49:44","modified_gmt":"2020-09-08T09:49:44","slug":"nouvelle-programmation-des-ateliers-bien-etre-seniors","status":"publish","type":"post","link":"https:\/\/ville-sous-anjou.fr\/?p=2344","title":{"rendered":"Nouvelle programmation des ateliers bien-\u00eatre s\u00e9niors!"},"content":{"rendered":"\n<p>Propos\u00e9e par les centres sociaux \u00ab\u00a0Les 4 vents\u00a0\u00bb, \u00ab\u00a0OVIV\u00a0\u00bb, \u00ab\u00a0Au Fil de Lambre\u00a0\u00bb et le service<\/p>\n\n\n\n<p>d&rsquo;Aide \u00e0 domicile de la Var\u00e8ze. Lire la suite&#8230;..<\/p>\n\n\n\n<p><a rel=\"noreferrer noopener\" href=\"http:\/\/ville-sous-anjou.fr\/wp-content\/uploads\/2020\/09\/A4-RV2.pdf\" target=\"_blank\">programmation <\/a><\/p>\n\n\n\n<p><a rel=\"noreferrer noopener\" href=\"http:\/\/ville-sous-anjou.fr\/wp-content\/uploads\/2020\/09\/Affiche22.pdf\" target=\"_blank\">document de pr\u00e9sentation<\/a><\/p>\n\n\n\n<p><a href=\"http:\/\/ville-sous-anjou.fr\/wp-content\/uploads\/2020\/09\/Affiche-conduite-2020.pdf\" target=\"_blank\" rel=\"noreferrer noopener\">atelier conduite<\/a><\/p>\n","protected":false},"excerpt":{"rendered":"<p>Propos\u00e9e par les centres sociaux \u00ab\u00a0Les 4 vents\u00a0\u00bb, \u00ab\u00a0OVIV\u00a0\u00bb, \u00ab\u00a0Au Fil de Lambre\u00a0\u00bb et le service d&rsquo;Aide \u00e0 domicile de la Var\u00e8ze. Lire la suite&#8230;.. programmation document de pr\u00e9sentation atelier conduite<\/p>\n","protected":false},"author":1,"featured_media":2348,"comment_status":"closed","ping_status":"closed","sticky":false,"template":"","format":"standard","meta":{"_exactmetrics_skip_tracking":false,"_exactmetrics_sitenote_active":false,"_exactmetrics_sitenote_note":"","_exactmetrics_sitenote_category":0,"footnotes":""},"categories":[16],"tags":[],"class_list":["post-2344","post","type-post","status-publish","format-standard","has-post-thumbnail","hentry","category-social"],"_links":{"self":[{"href":"https:\/\/ville-sous-anjou.fr\/index.php?rest_route=\/wp\/v2\/posts\/2344","targetHints":{"allow":["GET"]}}],"collection":[{"href":"https:\/\/ville-sous-anjou.fr\/index.php?rest_route=\/wp\/v2\/posts"}],"about":[{"href":"https:\/\/ville-sous-anjou.fr\/index.php?rest_route=\/wp\/v2\/types\/post"}],"author":[{"embeddable":true,"href":"https:\/\/ville-sous-anjou.fr\/index.php?rest_route=\/wp\/v2\/users\/1"}],"replies":[{"embeddable":true,"href":"https:\/\/ville-sous-anjou.fr\/index.php?rest_route=%2Fwp%2Fv2%2Fcomments&post=2344"}],"version-history":[{"count":3,"href":"https:\/\/ville-sous-anjou.fr\/index.php?rest_route=\/wp\/v2\/posts\/2344\/revisions"}],"predecessor-version":[{"id":2351,"href":"https:\/\/ville-sous-anjou.fr\/index.php?rest_route=\/wp\/v2\/posts\/2344\/revisions\/2351"}],"wp:featuredmedia":[{"embeddable":true,"href":"https:\/\/ville-sous-anjou.fr\/index.php?rest_route=\/wp\/v2\/media\/2348"}],"wp:attachment":[{"href":"https:\/\/ville-sous-anjou.fr\/index.php?rest_route=%2Fwp%2Fv2%2Fmedia&parent=2344"}],"wp:term":[{"taxonomy":"category","embeddable":true,"href":"https:\/\/ville-sous-anjou.fr\/index.php?rest_route=%2Fwp%2Fv2%2Fcategories&post=2344"},{"taxonomy":"post_tag","embeddable":true,"href":"https:\/\/ville-sous-anjou.fr\/index.php?rest_route=%2Fwp%2Fv2%2Ftags&post=2344"}],"curies":[{"name":"wp","href":"https:\/\/api.w.org\/{rel}","templated":true}]}}