{"id":2457,"date":"2021-01-06T16:29:32","date_gmt":"2021-01-06T16:29:32","guid":{"rendered":"http:\/\/ville-sous-anjou.fr\/?p=2457"},"modified":"2021-01-06T16:29:33","modified_gmt":"2021-01-06T16:29:33","slug":"atelier-a-la-mediatheque-de-ville-sous-anjou","status":"publish","type":"post","link":"https:\/\/ville-sous-anjou.fr\/?p=2457","title":{"rendered":"Atelier \u00e0 la M\u00e9diath\u00e8que de Ville sous Anjou!"},"content":{"rendered":"\n<p>Vincent Godeau, illustrateur en r\u00e9sidence, animera un atelier \u00a0\u00bb Un dessin peut en cacher un autre \u00ab\u00a0,<\/p>\n\n\n\n<p>le mercredi 13 janvier de 14h00 \u00e0 16h00.<\/p>\n\n\n\n<p>Atelier familial \u00e0 partir de 7 ans, sur r\u00e9servation.<\/p>\n","protected":false},"excerpt":{"rendered":"<p>Vincent Godeau, illustrateur en r\u00e9sidence, animera un atelier \u00a0\u00bb Un dessin peut en cacher un autre \u00ab\u00a0, le mercredi 13 janvier de 14h00 \u00e0 16h00. Atelier familial \u00e0 partir de 7 ans, sur r\u00e9servation.<\/p>\n","protected":false},"author":1,"featured_media":2395,"comment_status":"closed","ping_status":"closed","sticky":false,"template":"","format":"standard","meta":{"_exactmetrics_skip_tracking":false,"_exactmetrics_sitenote_active":false,"_exactmetrics_sitenote_note":"","_exactmetrics_sitenote_category":0,"footnotes":""},"categories":[14,22],"tags":[],"class_list":["post-2457","post","type-post","status-publish","format-standard","has-post-thumbnail","hentry","category-bibliotheque","category-culture"],"_links":{"self":[{"href":"https:\/\/ville-sous-anjou.fr\/index.php?rest_route=\/wp\/v2\/posts\/2457","targetHints":{"allow":["GET"]}}],"collection":[{"href":"https:\/\/ville-sous-anjou.fr\/index.php?rest_route=\/wp\/v2\/posts"}],"about":[{"href":"https:\/\/ville-sous-anjou.fr\/index.php?rest_route=\/wp\/v2\/types\/post"}],"author":[{"embeddable":true,"href":"https:\/\/ville-sous-anjou.fr\/index.php?rest_route=\/wp\/v2\/users\/1"}],"replies":[{"embeddable":true,"href":"https:\/\/ville-sous-anjou.fr\/index.php?rest_route=%2Fwp%2Fv2%2Fcomments&post=2457"}],"version-history":[{"count":1,"href":"https:\/\/ville-sous-anjou.fr\/index.php?rest_route=\/wp\/v2\/posts\/2457\/revisions"}],"predecessor-version":[{"id":2458,"href":"https:\/\/ville-sous-anjou.fr\/index.php?rest_route=\/wp\/v2\/posts\/2457\/revisions\/2458"}],"wp:featuredmedia":[{"embeddable":true,"href":"https:\/\/ville-sous-anjou.fr\/index.php?rest_route=\/wp\/v2\/media\/2395"}],"wp:attachment":[{"href":"https:\/\/ville-sous-anjou.fr\/index.php?rest_route=%2Fwp%2Fv2%2Fmedia&parent=2457"}],"wp:term":[{"taxonomy":"category","embeddable":true,"href":"https:\/\/ville-sous-anjou.fr\/index.php?rest_route=%2Fwp%2Fv2%2Fcategories&post=2457"},{"taxonomy":"post_tag","embeddable":true,"href":"https:\/\/ville-sous-anjou.fr\/index.php?rest_route=%2Fwp%2Fv2%2Ftags&post=2457"}],"curies":[{"name":"wp","href":"https:\/\/api.w.org\/{rel}","templated":true}]}}