{"id":2460,"date":"2021-01-25T07:39:59","date_gmt":"2021-01-25T07:39:59","guid":{"rendered":"http:\/\/ville-sous-anjou.fr\/?p=2460"},"modified":"2021-01-25T07:40:00","modified_gmt":"2021-01-25T07:40:00","slug":"la-charte-forestiere-du-territoire-bas-dauphine-et-bonnevaux-lance-un-concours-photos","status":"publish","type":"post","link":"https:\/\/ville-sous-anjou.fr\/?p=2460","title":{"rendered":"La Charte Foresti\u00e8re du Territoire Bas-Dauphin\u00e9 et Bonnevaux lance un concours photos!"},"content":{"rendered":"\n<p>Pour d\u00e9buter l\u2019ann\u00e9e, la Charte Foresti\u00e8re lance un concours photos<strong> \u00ab&nbsp;<\/strong>Photographie la for\u00eat qui bouge, pr\u00e8s de chez toi !<strong>\u00bb<\/strong> pour les amateurs de photographie et habitants de son territoire.<\/p>\n\n\n\n<p>Le but est de promouvoir la for\u00eat en photographiant la multifonctionnalit\u00e9 de la for\u00eat (VTT, protection des risques, stockage de carbone, production de bois, etc\u2026).Le candidat doit obligatoirement \u00eatre l\u2019auteur de la photographie, mais elle peut avoir \u00e9t\u00e9 prise avant le d\u00e9but du concours. Vous pouvez retrouver les infos sur la participation au concours sur la page Facebook et <a rel=\"noreferrer noopener\" href=\"http:\/\/www.cft-basdauphinebonnevaux.fr\/concours-photo-2021-sur-la-foret\/\" target=\"_blank\">le site internet de la Charte Foresti\u00e8re<\/a>. <a href=\"http:\/\/ville-sous-anjou.fr\/wp-content\/uploads\/2021\/01\/visuel_concours_photo_A3.pdf\" target=\"_blank\" rel=\"noreferrer noopener\">Lire la suite&#8230;<\/a><\/p>\n","protected":false},"excerpt":{"rendered":"<p>Pour d\u00e9buter l\u2019ann\u00e9e, la Charte Foresti\u00e8re lance un concours photos \u00ab&nbsp;Photographie la for\u00eat qui bouge, pr\u00e8s de chez toi !\u00bb pour les amateurs de photographie et habitants de son territoire. Le but est de promouvoir la for\u00eat en photographiant la multifonctionnalit\u00e9 de la for\u00eat (VTT, protection des risques, stockage de [&hellip;]<\/p>\n","protected":false},"author":1,"featured_media":2462,"comment_status":"closed","ping_status":"closed","sticky":false,"template":"","format":"standard","meta":{"_exactmetrics_skip_tracking":false,"_exactmetrics_sitenote_active":false,"_exactmetrics_sitenote_note":"","_exactmetrics_sitenote_category":0,"footnotes":""},"categories":[2],"tags":[],"class_list":["post-2460","post","type-post","status-publish","format-standard","has-post-thumbnail","hentry","category-actu"],"_links":{"self":[{"href":"https:\/\/ville-sous-anjou.fr\/index.php?rest_route=\/wp\/v2\/posts\/2460","targetHints":{"allow":["GET"]}}],"collection":[{"href":"https:\/\/ville-sous-anjou.fr\/index.php?rest_route=\/wp\/v2\/posts"}],"about":[{"href":"https:\/\/ville-sous-anjou.fr\/index.php?rest_route=\/wp\/v2\/types\/post"}],"author":[{"embeddable":true,"href":"https:\/\/ville-sous-anjou.fr\/index.php?rest_route=\/wp\/v2\/users\/1"}],"replies":[{"embeddable":true,"href":"https:\/\/ville-sous-anjou.fr\/index.php?rest_route=%2Fwp%2Fv2%2Fcomments&post=2460"}],"version-history":[{"count":1,"href":"https:\/\/ville-sous-anjou.fr\/index.php?rest_route=\/wp\/v2\/posts\/2460\/revisions"}],"predecessor-version":[{"id":2463,"href":"https:\/\/ville-sous-anjou.fr\/index.php?rest_route=\/wp\/v2\/posts\/2460\/revisions\/2463"}],"wp:featuredmedia":[{"embeddable":true,"href":"https:\/\/ville-sous-anjou.fr\/index.php?rest_route=\/wp\/v2\/media\/2462"}],"wp:attachment":[{"href":"https:\/\/ville-sous-anjou.fr\/index.php?rest_route=%2Fwp%2Fv2%2Fmedia&parent=2460"}],"wp:term":[{"taxonomy":"category","embeddable":true,"href":"https:\/\/ville-sous-anjou.fr\/index.php?rest_route=%2Fwp%2Fv2%2Fcategories&post=2460"},{"taxonomy":"post_tag","embeddable":true,"href":"https:\/\/ville-sous-anjou.fr\/index.php?rest_route=%2Fwp%2Fv2%2Ftags&post=2460"}],"curies":[{"name":"wp","href":"https:\/\/api.w.org\/{rel}","templated":true}]}}