{"id":2472,"date":"2021-03-08T10:37:30","date_gmt":"2021-03-08T10:37:30","guid":{"rendered":"http:\/\/ville-sous-anjou.fr\/?p=2472"},"modified":"2021-03-08T10:44:16","modified_gmt":"2021-03-08T10:44:16","slug":"travaux-delagage-et-dabattage","status":"publish","type":"post","link":"https:\/\/ville-sous-anjou.fr\/?p=2472","title":{"rendered":"Travaux d&rsquo;\u00e9lagage et d&rsquo;abattage"},"content":{"rendered":"\n<p><strong>Il est port\u00e9 \u00e0 la connaissance des habitants, que des travaux d\u2019\u00e9lagage et d\u2019abattage d\u2019arbres entrepris dans le cadre du plan d\u2019entretien et maintenance des lignes \u00e9lectriques 20000 volts, vont d\u00e9buter sur le territoire de la commune \u00e0 compter du&nbsp;: 08\/03\/2021.<\/strong><\/p>\n\n\n\n<p><strong>Ces travaux ont \u00e9t\u00e9 confi\u00e9s par ENEDIS, \u00e0 l\u2019entreprise&nbsp;: G.R.D.E. \u2013 38130 ECHIROLLES&nbsp;habilit\u00e9 \u00e0 r\u00e9aliser l\u2019\u00e9lagage \u00e0 proximit\u00e9 des lignes \u00e9lectriques.<\/strong><\/p>\n","protected":false},"excerpt":{"rendered":"<p>Il est port\u00e9 \u00e0 la connaissance des habitants, que des travaux d\u2019\u00e9lagage et d\u2019abattage d\u2019arbres entrepris dans le cadre du plan d\u2019entretien et maintenance des lignes \u00e9lectriques 20000 volts, vont d\u00e9buter sur le territoire de la commune \u00e0 compter du&nbsp;: 08\/03\/2021. Ces travaux ont \u00e9t\u00e9 confi\u00e9s par ENEDIS, \u00e0 l\u2019entreprise&nbsp;: [&hellip;]<\/p>\n","protected":false},"author":1,"featured_media":1850,"comment_status":"closed","ping_status":"closed","sticky":false,"template":"","format":"standard","meta":{"_exactmetrics_skip_tracking":false,"_exactmetrics_sitenote_active":false,"_exactmetrics_sitenote_note":"","_exactmetrics_sitenote_category":0,"footnotes":""},"categories":[1],"tags":[],"class_list":["post-2472","post","type-post","status-publish","format-standard","has-post-thumbnail","hentry","category-non-classe"],"_links":{"self":[{"href":"https:\/\/ville-sous-anjou.fr\/index.php?rest_route=\/wp\/v2\/posts\/2472","targetHints":{"allow":["GET"]}}],"collection":[{"href":"https:\/\/ville-sous-anjou.fr\/index.php?rest_route=\/wp\/v2\/posts"}],"about":[{"href":"https:\/\/ville-sous-anjou.fr\/index.php?rest_route=\/wp\/v2\/types\/post"}],"author":[{"embeddable":true,"href":"https:\/\/ville-sous-anjou.fr\/index.php?rest_route=\/wp\/v2\/users\/1"}],"replies":[{"embeddable":true,"href":"https:\/\/ville-sous-anjou.fr\/index.php?rest_route=%2Fwp%2Fv2%2Fcomments&post=2472"}],"version-history":[{"count":2,"href":"https:\/\/ville-sous-anjou.fr\/index.php?rest_route=\/wp\/v2\/posts\/2472\/revisions"}],"predecessor-version":[{"id":2480,"href":"https:\/\/ville-sous-anjou.fr\/index.php?rest_route=\/wp\/v2\/posts\/2472\/revisions\/2480"}],"wp:featuredmedia":[{"embeddable":true,"href":"https:\/\/ville-sous-anjou.fr\/index.php?rest_route=\/wp\/v2\/media\/1850"}],"wp:attachment":[{"href":"https:\/\/ville-sous-anjou.fr\/index.php?rest_route=%2Fwp%2Fv2%2Fmedia&parent=2472"}],"wp:term":[{"taxonomy":"category","embeddable":true,"href":"https:\/\/ville-sous-anjou.fr\/index.php?rest_route=%2Fwp%2Fv2%2Fcategories&post=2472"},{"taxonomy":"post_tag","embeddable":true,"href":"https:\/\/ville-sous-anjou.fr\/index.php?rest_route=%2Fwp%2Fv2%2Ftags&post=2472"}],"curies":[{"name":"wp","href":"https:\/\/api.w.org\/{rel}","templated":true}]}}