{"id":2525,"date":"2021-06-17T13:50:10","date_gmt":"2021-06-17T13:50:10","guid":{"rendered":"http:\/\/ville-sous-anjou.fr\/?p=2525"},"modified":"2021-06-17T15:03:18","modified_gmt":"2021-06-17T15:03:18","slug":"reunion-de-presentation-du-plu-de-ville-sous-anjou-le-1er-juillet","status":"publish","type":"post","link":"https:\/\/ville-sous-anjou.fr\/?p=2525","title":{"rendered":"R\u00e9union de pr\u00e9sentation du PLU de Ville-sous-Anjou le 1er Juillet"},"content":{"rendered":"\n<p><strong>La Communaut\u00e9 de Communes Entre Bi\u00e8vre et Rh\u00f4ne et la commune de Ville sous Anjou<\/strong><\/p>\n\n\n\n<p><strong>vous invitent \u00e0&nbsp; la r\u00e9union publique de pr\u00e9sentation du projet du Plan Local d&rsquo;Urbanisme<\/strong><\/p>\n\n\n\n<p><strong>le 1er juillet&#8230;<\/strong><a href=\"http:\/\/ville-sous-anjou.fr\/wp-content\/uploads\/2021\/06\/affiche-reunion-publique.pdf\" target=\"_blank\" rel=\"noreferrer noopener\">lire l&rsquo;affiche<\/a><\/p>\n","protected":false},"excerpt":{"rendered":"<p>La Communaut\u00e9 de Communes Entre Bi\u00e8vre et Rh\u00f4ne et la commune de Ville sous Anjou vous invitent \u00e0&nbsp; la r\u00e9union publique de pr\u00e9sentation du projet du Plan Local d&rsquo;Urbanisme le 1er juillet&#8230;lire l&rsquo;affiche<\/p>\n","protected":false},"author":1,"featured_media":1992,"comment_status":"closed","ping_status":"closed","sticky":false,"template":"","format":"standard","meta":{"_exactmetrics_skip_tracking":false,"_exactmetrics_sitenote_active":false,"_exactmetrics_sitenote_note":"","_exactmetrics_sitenote_category":0,"footnotes":""},"categories":[26],"tags":[],"class_list":["post-2525","post","type-post","status-publish","format-standard","has-post-thumbnail","hentry","category-urbanisme"],"_links":{"self":[{"href":"https:\/\/ville-sous-anjou.fr\/index.php?rest_route=\/wp\/v2\/posts\/2525","targetHints":{"allow":["GET"]}}],"collection":[{"href":"https:\/\/ville-sous-anjou.fr\/index.php?rest_route=\/wp\/v2\/posts"}],"about":[{"href":"https:\/\/ville-sous-anjou.fr\/index.php?rest_route=\/wp\/v2\/types\/post"}],"author":[{"embeddable":true,"href":"https:\/\/ville-sous-anjou.fr\/index.php?rest_route=\/wp\/v2\/users\/1"}],"replies":[{"embeddable":true,"href":"https:\/\/ville-sous-anjou.fr\/index.php?rest_route=%2Fwp%2Fv2%2Fcomments&post=2525"}],"version-history":[{"count":1,"href":"https:\/\/ville-sous-anjou.fr\/index.php?rest_route=\/wp\/v2\/posts\/2525\/revisions"}],"predecessor-version":[{"id":2527,"href":"https:\/\/ville-sous-anjou.fr\/index.php?rest_route=\/wp\/v2\/posts\/2525\/revisions\/2527"}],"wp:featuredmedia":[{"embeddable":true,"href":"https:\/\/ville-sous-anjou.fr\/index.php?rest_route=\/wp\/v2\/media\/1992"}],"wp:attachment":[{"href":"https:\/\/ville-sous-anjou.fr\/index.php?rest_route=%2Fwp%2Fv2%2Fmedia&parent=2525"}],"wp:term":[{"taxonomy":"category","embeddable":true,"href":"https:\/\/ville-sous-anjou.fr\/index.php?rest_route=%2Fwp%2Fv2%2Fcategories&post=2525"},{"taxonomy":"post_tag","embeddable":true,"href":"https:\/\/ville-sous-anjou.fr\/index.php?rest_route=%2Fwp%2Fv2%2Ftags&post=2525"}],"curies":[{"name":"wp","href":"https:\/\/api.w.org\/{rel}","templated":true}]}}