{"id":2536,"date":"2021-07-16T14:12:18","date_gmt":"2021-07-16T14:12:18","guid":{"rendered":"http:\/\/ville-sous-anjou.fr\/?p=2536"},"modified":"2021-07-16T14:12:18","modified_gmt":"2021-07-16T14:12:18","slug":"revision-du-plu-projet-du-plan-de-zonage-de-la-commune","status":"publish","type":"post","link":"https:\/\/ville-sous-anjou.fr\/?p=2536","title":{"rendered":"R\u00e9vision du PLU: Projet du plan de zonage de la commune"},"content":{"rendered":"\n<p><\/p>\n\n\n\n<p>La Mairie de ville sous Anjou met en ligne le projet du plan de zonage de la commune \u00e9tabli en date du 16 juillet 2021.Ce projet est susceptible d&rsquo;\u00e9voluer.<br>Un registre est toujours \u00e0 disposition en Mairie pour que les habitants et propri\u00e9taires puissent formuler leurs questions et inscrire leurs remarques. Cette d\u00e9marche peut aussi se faire par courrier ou par mail adress\u00e9 \u00e0 la Mairie&#8230;.Voir les plans => <a href=\"http:\/\/ville-sous-anjou.fr\/wp-content\/uploads\/2021\/07\/Projet-Plan-de-Zonage-PLU.pdf\" target=\"_blank\" rel=\"noreferrer noopener\">Plan global<\/a> <a href=\"http:\/\/ville-sous-anjou.fr\/wp-content\/uploads\/2021\/07\/Zoom-du-plan-de-projet-de-zonage-sur-le-village.pdf\" target=\"_blank\" rel=\"noreferrer noopener\">Zoom Village<\/a><\/p>\n","protected":false},"excerpt":{"rendered":"<p>La Mairie de ville sous Anjou met en ligne le projet du plan de zonage de la commune \u00e9tabli en date du 16 juillet 2021.Ce projet est susceptible d&rsquo;\u00e9voluer.Un registre est toujours \u00e0 disposition en Mairie pour que les habitants et propri\u00e9taires puissent formuler leurs questions et inscrire leurs remarques. [&hellip;]<\/p>\n","protected":false},"author":1,"featured_media":2539,"comment_status":"closed","ping_status":"closed","sticky":false,"template":"","format":"standard","meta":{"_exactmetrics_skip_tracking":false,"_exactmetrics_sitenote_active":false,"_exactmetrics_sitenote_note":"","_exactmetrics_sitenote_category":0,"footnotes":""},"categories":[26],"tags":[],"class_list":["post-2536","post","type-post","status-publish","format-standard","has-post-thumbnail","hentry","category-urbanisme"],"_links":{"self":[{"href":"https:\/\/ville-sous-anjou.fr\/index.php?rest_route=\/wp\/v2\/posts\/2536","targetHints":{"allow":["GET"]}}],"collection":[{"href":"https:\/\/ville-sous-anjou.fr\/index.php?rest_route=\/wp\/v2\/posts"}],"about":[{"href":"https:\/\/ville-sous-anjou.fr\/index.php?rest_route=\/wp\/v2\/types\/post"}],"author":[{"embeddable":true,"href":"https:\/\/ville-sous-anjou.fr\/index.php?rest_route=\/wp\/v2\/users\/1"}],"replies":[{"embeddable":true,"href":"https:\/\/ville-sous-anjou.fr\/index.php?rest_route=%2Fwp%2Fv2%2Fcomments&post=2536"}],"version-history":[{"count":1,"href":"https:\/\/ville-sous-anjou.fr\/index.php?rest_route=\/wp\/v2\/posts\/2536\/revisions"}],"predecessor-version":[{"id":2540,"href":"https:\/\/ville-sous-anjou.fr\/index.php?rest_route=\/wp\/v2\/posts\/2536\/revisions\/2540"}],"wp:featuredmedia":[{"embeddable":true,"href":"https:\/\/ville-sous-anjou.fr\/index.php?rest_route=\/wp\/v2\/media\/2539"}],"wp:attachment":[{"href":"https:\/\/ville-sous-anjou.fr\/index.php?rest_route=%2Fwp%2Fv2%2Fmedia&parent=2536"}],"wp:term":[{"taxonomy":"category","embeddable":true,"href":"https:\/\/ville-sous-anjou.fr\/index.php?rest_route=%2Fwp%2Fv2%2Fcategories&post=2536"},{"taxonomy":"post_tag","embeddable":true,"href":"https:\/\/ville-sous-anjou.fr\/index.php?rest_route=%2Fwp%2Fv2%2Ftags&post=2536"}],"curies":[{"name":"wp","href":"https:\/\/api.w.org\/{rel}","templated":true}]}}