{"id":2541,"date":"2021-07-19T05:44:46","date_gmt":"2021-07-19T05:44:46","guid":{"rendered":"http:\/\/ville-sous-anjou.fr\/?p=2541"},"modified":"2021-07-19T05:44:47","modified_gmt":"2021-07-19T05:44:47","slug":"balade-gourmande-a-ville-sous-anjou","status":"publish","type":"post","link":"https:\/\/ville-sous-anjou.fr\/?p=2541","title":{"rendered":"BALADE GOURMANDE \u00e0 VILLE SOUS ANJOU"},"content":{"rendered":"\n<p><strong>Le dimanche 12 septembre organis\u00e9e par le COMITE DES FETES<\/strong><\/p>\n\n\n\n<p>Sur un nouveau parcours de 8 km, vous d\u00e9couvrirez diff\u00e9rents hameaux de notre village, des vergers, le ruisseau\u00a0\u00a0\u00a0\u00a0\u00a0\u00a0\u00a0\u00a0\u00a0 de \u00ab\u00a0La Vescia\u00a0\u00bb \u00a0tout en d\u00e9gustant un repas pr\u00e9par\u00e9 \u00e0 base de produits locaux servi tout au long du trajet (5 relais sont pr\u00e9vus). <strong>Le d\u00e9part se fera sur la place de la mairie de 10h30 \u00e0 13h.<\/strong><\/p>\n\n\n\n<p><strong><a href=\"http:\/\/ville-sous-anjou.fr\/wp-content\/uploads\/2021\/07\/affiche-balade-gourmande-2021.pdf\" target=\"_blank\" rel=\"noreferrer noopener\">voir affiche<\/a> et <a href=\"http:\/\/ville-sous-anjou.fr\/wp-content\/uploads\/2021\/07\/bulletin-dinscription-Balade-Gourmande-Ville-sous-Anjou.pdf\" target=\"_blank\" rel=\"noreferrer noopener\">bulletin d&rsquo;inscription<\/a><\/strong><\/p>\n","protected":false},"excerpt":{"rendered":"<p>Le dimanche 12 septembre organis\u00e9e par le COMITE DES FETES Sur un nouveau parcours de 8 km, vous d\u00e9couvrirez diff\u00e9rents hameaux de notre village, des vergers, le ruisseau\u00a0\u00a0\u00a0\u00a0\u00a0\u00a0\u00a0\u00a0\u00a0 de \u00ab\u00a0La Vescia\u00a0\u00bb \u00a0tout en d\u00e9gustant un repas pr\u00e9par\u00e9 \u00e0 base de produits locaux servi tout au long du trajet (5 relais [&hellip;]<\/p>\n","protected":false},"author":1,"featured_media":1952,"comment_status":"closed","ping_status":"closed","sticky":false,"template":"","format":"standard","meta":{"_exactmetrics_skip_tracking":false,"_exactmetrics_sitenote_active":false,"_exactmetrics_sitenote_note":"","_exactmetrics_sitenote_category":0,"footnotes":""},"categories":[23,11],"tags":[],"class_list":["post-2541","post","type-post","status-publish","format-standard","has-post-thumbnail","hentry","category-comite-des-fetes","category-loisirs"],"_links":{"self":[{"href":"https:\/\/ville-sous-anjou.fr\/index.php?rest_route=\/wp\/v2\/posts\/2541","targetHints":{"allow":["GET"]}}],"collection":[{"href":"https:\/\/ville-sous-anjou.fr\/index.php?rest_route=\/wp\/v2\/posts"}],"about":[{"href":"https:\/\/ville-sous-anjou.fr\/index.php?rest_route=\/wp\/v2\/types\/post"}],"author":[{"embeddable":true,"href":"https:\/\/ville-sous-anjou.fr\/index.php?rest_route=\/wp\/v2\/users\/1"}],"replies":[{"embeddable":true,"href":"https:\/\/ville-sous-anjou.fr\/index.php?rest_route=%2Fwp%2Fv2%2Fcomments&post=2541"}],"version-history":[{"count":1,"href":"https:\/\/ville-sous-anjou.fr\/index.php?rest_route=\/wp\/v2\/posts\/2541\/revisions"}],"predecessor-version":[{"id":2544,"href":"https:\/\/ville-sous-anjou.fr\/index.php?rest_route=\/wp\/v2\/posts\/2541\/revisions\/2544"}],"wp:featuredmedia":[{"embeddable":true,"href":"https:\/\/ville-sous-anjou.fr\/index.php?rest_route=\/wp\/v2\/media\/1952"}],"wp:attachment":[{"href":"https:\/\/ville-sous-anjou.fr\/index.php?rest_route=%2Fwp%2Fv2%2Fmedia&parent=2541"}],"wp:term":[{"taxonomy":"category","embeddable":true,"href":"https:\/\/ville-sous-anjou.fr\/index.php?rest_route=%2Fwp%2Fv2%2Fcategories&post=2541"},{"taxonomy":"post_tag","embeddable":true,"href":"https:\/\/ville-sous-anjou.fr\/index.php?rest_route=%2Fwp%2Fv2%2Ftags&post=2541"}],"curies":[{"name":"wp","href":"https:\/\/api.w.org\/{rel}","templated":true}]}}