{"id":2546,"date":"2021-07-20T05:44:27","date_gmt":"2021-07-20T05:44:27","guid":{"rendered":"http:\/\/ville-sous-anjou.fr\/?p=2546"},"modified":"2021-07-20T05:44:28","modified_gmt":"2021-07-20T05:44:28","slug":"le-territoire-demain-donnez-nous-votre-avis","status":"publish","type":"post","link":"https:\/\/ville-sous-anjou.fr\/?p=2546","title":{"rendered":"Le territoire demain : donnez-nous votre avis !"},"content":{"rendered":"\n<p><strong>Entre Bi\u00e8vre et Rh\u00f4ne Communaut\u00e9 de Communes va prochainement r\u00e9diger son projet de territoire.<\/strong><\/p>\n\n\n\n<p>L\u2019objectif de cette feuille de route est de donner les grandes orientations de l\u2019action de la Communaut\u00e9 de Communes pour les prochaines ann\u00e9es 2021 &#8211; 2030. Le principe de la d\u00e9marche&nbsp;: faire \u00e9voluer le territoire avec et pour vous et am\u00e9liorer votre quotidien.<\/p>\n\n\n\n<p>Le projet de territoire sera b\u00e2ti \u00e0 partir de l\u2019analyse de plusieurs informations&nbsp;:<\/p>\n\n\n\n<p>Vous \u00eates un ado, une personne active ou en recherche d\u2019emploi, un parent, vous \u00eates retrait\u00e9\u2026 TOUS les avis nous int\u00e9ressent ! N\u2019h\u00e9sitez pas \u00e0 participer&nbsp;!<\/p>\n\n\n\n<p>Le questionnaire version num\u00e9rique est accessible sur le site internet de Entre Bi\u00e8vre et Rh\u00f4ne (entre-bievreetrhone.fr rubrique actualit\u00e9s) ou via le lien : <a rel=\"noreferrer noopener\" href=\"https:\/\/app.evalandgo.com\/s\/index.php?id=JTk4ciU5QWslOTglQTk%3D&amp;a=JTk4aSU5OWklOTc%3D\" target=\"_blank\">https:\/\/app.evalandgo.com\/s\/index.php?id=JTk4ciU5QWslOTglQTk%3D&amp;a=JTk4aSU5OWklOTc%3D<\/a><\/p>\n","protected":false},"excerpt":{"rendered":"<p>Entre Bi\u00e8vre et Rh\u00f4ne Communaut\u00e9 de Communes va prochainement r\u00e9diger son projet de territoire. L\u2019objectif de cette feuille de route est de donner les grandes orientations de l\u2019action de la Communaut\u00e9 de Communes pour les prochaines ann\u00e9es 2021 &#8211; 2030. Le principe de la d\u00e9marche&nbsp;: faire \u00e9voluer le territoire avec [&hellip;]<\/p>\n","protected":false},"author":1,"featured_media":299,"comment_status":"closed","ping_status":"closed","sticky":false,"template":"","format":"standard","meta":{"_exactmetrics_skip_tracking":false,"_exactmetrics_sitenote_active":false,"_exactmetrics_sitenote_note":"","_exactmetrics_sitenote_category":0,"footnotes":""},"categories":[2],"tags":[],"class_list":["post-2546","post","type-post","status-publish","format-standard","has-post-thumbnail","hentry","category-actu"],"_links":{"self":[{"href":"https:\/\/ville-sous-anjou.fr\/index.php?rest_route=\/wp\/v2\/posts\/2546","targetHints":{"allow":["GET"]}}],"collection":[{"href":"https:\/\/ville-sous-anjou.fr\/index.php?rest_route=\/wp\/v2\/posts"}],"about":[{"href":"https:\/\/ville-sous-anjou.fr\/index.php?rest_route=\/wp\/v2\/types\/post"}],"author":[{"embeddable":true,"href":"https:\/\/ville-sous-anjou.fr\/index.php?rest_route=\/wp\/v2\/users\/1"}],"replies":[{"embeddable":true,"href":"https:\/\/ville-sous-anjou.fr\/index.php?rest_route=%2Fwp%2Fv2%2Fcomments&post=2546"}],"version-history":[{"count":1,"href":"https:\/\/ville-sous-anjou.fr\/index.php?rest_route=\/wp\/v2\/posts\/2546\/revisions"}],"predecessor-version":[{"id":2547,"href":"https:\/\/ville-sous-anjou.fr\/index.php?rest_route=\/wp\/v2\/posts\/2546\/revisions\/2547"}],"wp:featuredmedia":[{"embeddable":true,"href":"https:\/\/ville-sous-anjou.fr\/index.php?rest_route=\/wp\/v2\/media\/299"}],"wp:attachment":[{"href":"https:\/\/ville-sous-anjou.fr\/index.php?rest_route=%2Fwp%2Fv2%2Fmedia&parent=2546"}],"wp:term":[{"taxonomy":"category","embeddable":true,"href":"https:\/\/ville-sous-anjou.fr\/index.php?rest_route=%2Fwp%2Fv2%2Fcategories&post=2546"},{"taxonomy":"post_tag","embeddable":true,"href":"https:\/\/ville-sous-anjou.fr\/index.php?rest_route=%2Fwp%2Fv2%2Ftags&post=2546"}],"curies":[{"name":"wp","href":"https:\/\/api.w.org\/{rel}","templated":true}]}}