{"id":2561,"date":"2021-09-07T14:20:25","date_gmt":"2021-09-07T14:20:25","guid":{"rendered":"http:\/\/ville-sous-anjou.fr\/?p=2561"},"modified":"2021-09-07T14:20:41","modified_gmt":"2021-09-07T14:20:41","slug":"revison-du-plu","status":"publish","type":"post","link":"https:\/\/ville-sous-anjou.fr\/?p=2561","title":{"rendered":"R\u00e9vison du PLU!"},"content":{"rendered":"\n<p>La mairie de Ville sous Anjou met en ligne des documents relatifs \u00e0 la r\u00e9vision du PLU:<\/p>\n\n\n\n<ul class=\"wp-block-list\"><li><a href=\"http:\/\/ville-sous-anjou.fr\/wp-content\/uploads\/2021\/09\/2020-07-30_ALEAS_VILLE-SOUS-ANJOU-Partie-Nord-et-sud.pdf\" target=\"_blank\" rel=\"noreferrer noopener\">la carte des al\u00e9as<\/a><\/li><li><a href=\"http:\/\/ville-sous-anjou.fr\/wp-content\/uploads\/2021\/09\/PADD.pdf\" target=\"_blank\" rel=\"noreferrer noopener\">le PADD<\/a><\/li><li><a href=\"http:\/\/ville-sous-anjou.fr\/wp-content\/uploads\/2021\/09\/PL1-2_5000_02-09-2021.pdf\" target=\"_blank\" rel=\"noreferrer noopener\">le plan du projet de zonage compl\u00e9t\u00e9 avec le trac\u00e9 des sources<\/a><\/li><\/ul>\n\n\n\n<p><\/p>\n","protected":false},"excerpt":{"rendered":"<p>La mairie de Ville sous Anjou met en ligne des documents relatifs \u00e0 la r\u00e9vision du PLU: la carte des al\u00e9as le PADD le plan du projet de zonage compl\u00e9t\u00e9 avec le trac\u00e9 des sources<\/p>\n","protected":false},"author":1,"featured_media":2539,"comment_status":"closed","ping_status":"closed","sticky":false,"template":"","format":"standard","meta":{"_exactmetrics_skip_tracking":false,"_exactmetrics_sitenote_active":false,"_exactmetrics_sitenote_note":"","_exactmetrics_sitenote_category":0,"footnotes":""},"categories":[26],"tags":[],"class_list":["post-2561","post","type-post","status-publish","format-standard","has-post-thumbnail","hentry","category-urbanisme"],"_links":{"self":[{"href":"https:\/\/ville-sous-anjou.fr\/index.php?rest_route=\/wp\/v2\/posts\/2561","targetHints":{"allow":["GET"]}}],"collection":[{"href":"https:\/\/ville-sous-anjou.fr\/index.php?rest_route=\/wp\/v2\/posts"}],"about":[{"href":"https:\/\/ville-sous-anjou.fr\/index.php?rest_route=\/wp\/v2\/types\/post"}],"author":[{"embeddable":true,"href":"https:\/\/ville-sous-anjou.fr\/index.php?rest_route=\/wp\/v2\/users\/1"}],"replies":[{"embeddable":true,"href":"https:\/\/ville-sous-anjou.fr\/index.php?rest_route=%2Fwp%2Fv2%2Fcomments&post=2561"}],"version-history":[{"count":2,"href":"https:\/\/ville-sous-anjou.fr\/index.php?rest_route=\/wp\/v2\/posts\/2561\/revisions"}],"predecessor-version":[{"id":2566,"href":"https:\/\/ville-sous-anjou.fr\/index.php?rest_route=\/wp\/v2\/posts\/2561\/revisions\/2566"}],"wp:featuredmedia":[{"embeddable":true,"href":"https:\/\/ville-sous-anjou.fr\/index.php?rest_route=\/wp\/v2\/media\/2539"}],"wp:attachment":[{"href":"https:\/\/ville-sous-anjou.fr\/index.php?rest_route=%2Fwp%2Fv2%2Fmedia&parent=2561"}],"wp:term":[{"taxonomy":"category","embeddable":true,"href":"https:\/\/ville-sous-anjou.fr\/index.php?rest_route=%2Fwp%2Fv2%2Fcategories&post=2561"},{"taxonomy":"post_tag","embeddable":true,"href":"https:\/\/ville-sous-anjou.fr\/index.php?rest_route=%2Fwp%2Fv2%2Ftags&post=2561"}],"curies":[{"name":"wp","href":"https:\/\/api.w.org\/{rel}","templated":true}]}}