{"id":2570,"date":"2021-09-13T06:27:12","date_gmt":"2021-09-13T06:27:12","guid":{"rendered":"http:\/\/ville-sous-anjou.fr\/?p=2570"},"modified":"2021-09-13T06:28:15","modified_gmt":"2021-09-13T06:28:15","slug":"journees-du-patrimoine-les-18-et-19-septembre-2021-a-ville-sous-anjou","status":"publish","type":"post","link":"https:\/\/ville-sous-anjou.fr\/?p=2570","title":{"rendered":"Journ\u00e9es du Patrimoine les 18 et 19 septembre 2021 \u00e0 Ville sous Anjou!"},"content":{"rendered":"\n<p><strong><u><strong>Visite libre de la Chapelle de Terrebasse&nbsp; ( situ\u00e9e dans le cimeti\u00e8re communal)<\/strong><\/u><\/strong><\/p>\n\n\n\n<figure class=\"wp-block-gallery columns-1 is-cropped wp-block-gallery-1 is-layout-flex wp-block-gallery-is-layout-flex\"><ul class=\"blocks-gallery-grid\"><li class=\"blocks-gallery-item\"><figure><a href=\"http:\/\/ville-sous-anjou.fr\/?attachment_id=2355\"><img loading=\"lazy\" decoding=\"async\" width=\"768\" height=\"1024\" src=\"http:\/\/ville-sous-anjou.fr\/wp-content\/uploads\/2020\/09\/chapelle-de-Terrebasse-768x1024.jpg\" alt=\"\" data-id=\"2355\" data-full-url=\"http:\/\/ville-sous-anjou.fr\/wp-content\/uploads\/2020\/09\/chapelle-de-Terrebasse-e1600240033591.jpg\" data-link=\"http:\/\/ville-sous-anjou.fr\/?attachment_id=2355\" class=\"wp-image-2355\"\/><\/a><\/figure><\/li><\/ul><\/figure>\n\n\n\n<p><strong>(<\/strong>Route de Vienne au hameau de Ville, dans le cimeti\u00e8re)<\/p>\n\n\n\n<p>Vestiges d\u2019une chapelle de style gothique flamboyant, construite dans le dernier quart du XV\u00e8me Si\u00e8cle par les Vestiges d&rsquo;une chapelle gothique flamboyant construite dans le dernier quart du XVe si\u00e8cle par les Seigneurs de Roussillon-Anjou. La qualit\u00e9 de ses sculptures, notamment en fa\u00e7ade est exceptionnelle, clocher restaur\u00e9, class\u00e9e Monument historique . A l\u2019int\u00e9rieur de la Chapelle,&nbsp; des panneaux r\u00e9alis\u00e9s par le groupe \u00ab&nbsp;M\u00e9moire et patrimoine&nbsp;\u00bb de Ville sous Anjou, pr\u00e9senteront l\u2019histoire du site.<\/p>\n\n\n\n<p><em>Visite libre&nbsp;du site, accessibilit\u00e9 totale.<\/em><\/p>\n\n\n\n<p><strong><u>Vitrine arch\u00e9ologique \u00e0 la Mairie<\/u> <\/strong>(Place de la mairie)<\/p>\n\n\n\n<figure class=\"wp-block-gallery columns-1 is-cropped wp-block-gallery-2 is-layout-flex wp-block-gallery-is-layout-flex\"><ul class=\"blocks-gallery-grid\"><li class=\"blocks-gallery-item\"><figure><img loading=\"lazy\" decoding=\"async\" width=\"683\" height=\"1024\" src=\"http:\/\/ville-sous-anjou.fr\/wp-content\/uploads\/2020\/09\/vitrine-archeologique-683x1024.jpg\" alt=\"\" data-id=\"2354\" data-full-url=\"http:\/\/ville-sous-anjou.fr\/wp-content\/uploads\/2020\/09\/vitrine-archeologique-scaled.jpg\" data-link=\"http:\/\/ville-sous-anjou.fr\/?attachment_id=2354\" class=\"wp-image-2354\" srcset=\"https:\/\/ville-sous-anjou.fr\/wp-content\/uploads\/2020\/09\/vitrine-archeologique-683x1024.jpg 683w, https:\/\/ville-sous-anjou.fr\/wp-content\/uploads\/2020\/09\/vitrine-archeologique-200x300.jpg 200w, https:\/\/ville-sous-anjou.fr\/wp-content\/uploads\/2020\/09\/vitrine-archeologique-768x1152.jpg 768w, https:\/\/ville-sous-anjou.fr\/wp-content\/uploads\/2020\/09\/vitrine-archeologique-1024x1536.jpg 1024w, https:\/\/ville-sous-anjou.fr\/wp-content\/uploads\/2020\/09\/vitrine-archeologique-1365x2048.jpg 1365w, https:\/\/ville-sous-anjou.fr\/wp-content\/uploads\/2020\/09\/vitrine-archeologique-scaled.jpg 1707w\" sizes=\"auto, (max-width: 683px) 100vw, 683px\" \/><\/figure><\/li><\/ul><\/figure>\n\n\n\n<p><strong>Exposition vitrine arch\u00e9ologique de Ville-sous-Anjou&nbsp; \u00e0 la mairie vendredi 17 septembre de 8h30 \u00e0 12h00<\/strong><\/p>\n\n\n\n<p><em>Dans cette vitrine sont pr\u00e9sent\u00e9s des vases fun\u00e9raires appel\u00e9s \u00ab\u00a0p\u00e9gaus\u00a0\u00bb du XIIe si\u00e8cle et divers objets d\u00e9couverts sur la commune. Cette collection a \u00e9t\u00e9 d\u00e9couverte dans les ann\u00e9es 1950 lors du creusement de caveaux dans la chapelle de Terrebasse.<\/em><\/p>\n\n\n\n<p><em>Contact&nbsp;: 04 74 84 04 55<\/em><\/p>\n\n\n\n<p><em>Accessibilit\u00e9 totale<\/em><\/p>\n","protected":false},"excerpt":{"rendered":"<p>Visite libre de la Chapelle de Terrebasse&nbsp; ( situ\u00e9e dans le cimeti\u00e8re communal) (Route de Vienne au hameau de Ville, dans le cimeti\u00e8re) Vestiges d\u2019une chapelle de style gothique flamboyant, construite dans le dernier quart du XV\u00e8me Si\u00e8cle par les Vestiges d&rsquo;une chapelle gothique flamboyant construite dans le dernier quart [&hellip;]<\/p>\n","protected":false},"author":1,"featured_media":2355,"comment_status":"closed","ping_status":"closed","sticky":false,"template":"","format":"standard","meta":{"_exactmetrics_skip_tracking":false,"_exactmetrics_sitenote_active":false,"_exactmetrics_sitenote_note":"","_exactmetrics_sitenote_category":0,"footnotes":""},"categories":[22,27],"tags":[],"class_list":["post-2570","post","type-post","status-publish","format-standard","has-post-thumbnail","hentry","category-culture","category-patrimoine"],"_links":{"self":[{"href":"https:\/\/ville-sous-anjou.fr\/index.php?rest_route=\/wp\/v2\/posts\/2570","targetHints":{"allow":["GET"]}}],"collection":[{"href":"https:\/\/ville-sous-anjou.fr\/index.php?rest_route=\/wp\/v2\/posts"}],"about":[{"href":"https:\/\/ville-sous-anjou.fr\/index.php?rest_route=\/wp\/v2\/types\/post"}],"author":[{"embeddable":true,"href":"https:\/\/ville-sous-anjou.fr\/index.php?rest_route=\/wp\/v2\/users\/1"}],"replies":[{"embeddable":true,"href":"https:\/\/ville-sous-anjou.fr\/index.php?rest_route=%2Fwp%2Fv2%2Fcomments&post=2570"}],"version-history":[{"count":3,"href":"https:\/\/ville-sous-anjou.fr\/index.php?rest_route=\/wp\/v2\/posts\/2570\/revisions"}],"predecessor-version":[{"id":2732,"href":"https:\/\/ville-sous-anjou.fr\/index.php?rest_route=\/wp\/v2\/posts\/2570\/revisions\/2732"}],"wp:featuredmedia":[{"embeddable":true,"href":"https:\/\/ville-sous-anjou.fr\/index.php?rest_route=\/wp\/v2\/media\/2355"}],"wp:attachment":[{"href":"https:\/\/ville-sous-anjou.fr\/index.php?rest_route=%2Fwp%2Fv2%2Fmedia&parent=2570"}],"wp:term":[{"taxonomy":"category","embeddable":true,"href":"https:\/\/ville-sous-anjou.fr\/index.php?rest_route=%2Fwp%2Fv2%2Fcategories&post=2570"},{"taxonomy":"post_tag","embeddable":true,"href":"https:\/\/ville-sous-anjou.fr\/index.php?rest_route=%2Fwp%2Fv2%2Ftags&post=2570"}],"curies":[{"name":"wp","href":"https:\/\/api.w.org\/{rel}","templated":true}]}}