{"id":2619,"date":"2021-11-18T09:09:02","date_gmt":"2021-11-18T09:09:02","guid":{"rendered":"http:\/\/ville-sous-anjou.fr\/?p=2619"},"modified":"2021-11-18T14:27:59","modified_gmt":"2021-11-18T14:27:59","slug":"particulier-dintervention-de-la-centrale-nucleaire-edf","status":"publish","type":"post","link":"https:\/\/ville-sous-anjou.fr\/?p=2619","title":{"rendered":"Plan Particulier d&rsquo;Intervention de la centrale nucl\u00e9aire EDF"},"content":{"rendered":"\n<p><strong>Plaquette d&rsquo;information Edition 2021 du Plan Particulier d&rsquo;Intervention<\/strong> <strong>de la centrale nucl\u00e9aire EDF de St Alban- St Maurice!<\/strong><\/p>\n\n\n\n<p><strong><a href=\"http:\/\/ville-sous-anjou.fr\/wp-content\/uploads\/2021\/11\/PLAQUETTE-PPI-SAINT-ALBAN-PAP.pdf\" target=\"_blank\" rel=\"noreferrer noopener\">T\u00e9l\u00e9charger le document<\/a><\/strong><\/p>\n","protected":false},"excerpt":{"rendered":"<p>Plaquette d&rsquo;information Edition 2021 du Plan Particulier d&rsquo;Intervention de la centrale nucl\u00e9aire EDF de St Alban- St Maurice! T\u00e9l\u00e9charger le document<\/p>\n","protected":false},"author":1,"featured_media":2620,"comment_status":"closed","ping_status":"closed","sticky":false,"template":"","format":"standard","meta":{"_exactmetrics_skip_tracking":false,"_exactmetrics_sitenote_active":false,"_exactmetrics_sitenote_note":"","_exactmetrics_sitenote_category":0,"footnotes":""},"categories":[1],"tags":[],"class_list":["post-2619","post","type-post","status-publish","format-standard","has-post-thumbnail","hentry","category-non-classe"],"_links":{"self":[{"href":"https:\/\/ville-sous-anjou.fr\/index.php?rest_route=\/wp\/v2\/posts\/2619","targetHints":{"allow":["GET"]}}],"collection":[{"href":"https:\/\/ville-sous-anjou.fr\/index.php?rest_route=\/wp\/v2\/posts"}],"about":[{"href":"https:\/\/ville-sous-anjou.fr\/index.php?rest_route=\/wp\/v2\/types\/post"}],"author":[{"embeddable":true,"href":"https:\/\/ville-sous-anjou.fr\/index.php?rest_route=\/wp\/v2\/users\/1"}],"replies":[{"embeddable":true,"href":"https:\/\/ville-sous-anjou.fr\/index.php?rest_route=%2Fwp%2Fv2%2Fcomments&post=2619"}],"version-history":[{"count":2,"href":"https:\/\/ville-sous-anjou.fr\/index.php?rest_route=\/wp\/v2\/posts\/2619\/revisions"}],"predecessor-version":[{"id":2622,"href":"https:\/\/ville-sous-anjou.fr\/index.php?rest_route=\/wp\/v2\/posts\/2619\/revisions\/2622"}],"wp:featuredmedia":[{"embeddable":true,"href":"https:\/\/ville-sous-anjou.fr\/index.php?rest_route=\/wp\/v2\/media\/2620"}],"wp:attachment":[{"href":"https:\/\/ville-sous-anjou.fr\/index.php?rest_route=%2Fwp%2Fv2%2Fmedia&parent=2619"}],"wp:term":[{"taxonomy":"category","embeddable":true,"href":"https:\/\/ville-sous-anjou.fr\/index.php?rest_route=%2Fwp%2Fv2%2Fcategories&post=2619"},{"taxonomy":"post_tag","embeddable":true,"href":"https:\/\/ville-sous-anjou.fr\/index.php?rest_route=%2Fwp%2Fv2%2Ftags&post=2619"}],"curies":[{"name":"wp","href":"https:\/\/api.w.org\/{rel}","templated":true}]}}