{"id":2660,"date":"2022-02-07T16:59:56","date_gmt":"2022-02-07T16:59:56","guid":{"rendered":"https:\/\/ville-sous-anjou.fr\/?p=2660"},"modified":"2022-02-07T16:59:56","modified_gmt":"2022-02-07T16:59:56","slug":"avant-premiere-a-la-mediatheque-de-ville-sous-anjou","status":"publish","type":"post","link":"https:\/\/ville-sous-anjou.fr\/?p=2660","title":{"rendered":"Avant &#8211; Premi\u00e8re \u00e0 la M\u00e9diath\u00e8que de Ville sous Anjou!!"},"content":{"rendered":"\n<p>Vendredi 11 f\u00e9vrier de 18h30 \u00e0 20h00 Xavier Mass\u00e9<\/p>\n\n\n\n<p>pr\u00e9sentera et d\u00e9dicacera son 4i\u00e8me roman \u00ab\u00a030 secondes\u00a0\u00bb. <\/p>\n\n\n\n<p><em>Passe vaccinal et port du masque obligatoires<\/em><\/p>\n\n\n\n<figure class=\"wp-block-image size-large\"><img loading=\"lazy\" decoding=\"async\" width=\"1024\" height=\"724\" src=\"http:\/\/ville-sous-anjou.fr\/wp-content\/uploads\/2022\/02\/affiche-30-secondes-1024x724.jpg\" alt=\"\" class=\"wp-image-2662\" srcset=\"https:\/\/ville-sous-anjou.fr\/wp-content\/uploads\/2022\/02\/affiche-30-secondes-1024x724.jpg 1024w, https:\/\/ville-sous-anjou.fr\/wp-content\/uploads\/2022\/02\/affiche-30-secondes-300x212.jpg 300w, https:\/\/ville-sous-anjou.fr\/wp-content\/uploads\/2022\/02\/affiche-30-secondes-768x543.jpg 768w, https:\/\/ville-sous-anjou.fr\/wp-content\/uploads\/2022\/02\/affiche-30-secondes-1536x1086.jpg 1536w, https:\/\/ville-sous-anjou.fr\/wp-content\/uploads\/2022\/02\/affiche-30-secondes-2048x1448.jpg 2048w\" sizes=\"auto, (max-width: 1024px) 100vw, 1024px\" \/><\/figure>\n","protected":false},"excerpt":{"rendered":"<p>Vendredi 11 f\u00e9vrier de 18h30 \u00e0 20h00 Xavier Mass\u00e9 pr\u00e9sentera et d\u00e9dicacera son 4i\u00e8me roman \u00ab\u00a030 secondes\u00a0\u00bb. Passe vaccinal et port du masque obligatoires<\/p>\n","protected":false},"author":1,"featured_media":2662,"comment_status":"closed","ping_status":"closed","sticky":false,"template":"","format":"standard","meta":{"_exactmetrics_skip_tracking":false,"_exactmetrics_sitenote_active":false,"_exactmetrics_sitenote_note":"","_exactmetrics_sitenote_category":0,"footnotes":""},"categories":[14],"tags":[],"class_list":["post-2660","post","type-post","status-publish","format-standard","has-post-thumbnail","hentry","category-bibliotheque"],"_links":{"self":[{"href":"https:\/\/ville-sous-anjou.fr\/index.php?rest_route=\/wp\/v2\/posts\/2660","targetHints":{"allow":["GET"]}}],"collection":[{"href":"https:\/\/ville-sous-anjou.fr\/index.php?rest_route=\/wp\/v2\/posts"}],"about":[{"href":"https:\/\/ville-sous-anjou.fr\/index.php?rest_route=\/wp\/v2\/types\/post"}],"author":[{"embeddable":true,"href":"https:\/\/ville-sous-anjou.fr\/index.php?rest_route=\/wp\/v2\/users\/1"}],"replies":[{"embeddable":true,"href":"https:\/\/ville-sous-anjou.fr\/index.php?rest_route=%2Fwp%2Fv2%2Fcomments&post=2660"}],"version-history":[{"count":1,"href":"https:\/\/ville-sous-anjou.fr\/index.php?rest_route=\/wp\/v2\/posts\/2660\/revisions"}],"predecessor-version":[{"id":2663,"href":"https:\/\/ville-sous-anjou.fr\/index.php?rest_route=\/wp\/v2\/posts\/2660\/revisions\/2663"}],"wp:featuredmedia":[{"embeddable":true,"href":"https:\/\/ville-sous-anjou.fr\/index.php?rest_route=\/wp\/v2\/media\/2662"}],"wp:attachment":[{"href":"https:\/\/ville-sous-anjou.fr\/index.php?rest_route=%2Fwp%2Fv2%2Fmedia&parent=2660"}],"wp:term":[{"taxonomy":"category","embeddable":true,"href":"https:\/\/ville-sous-anjou.fr\/index.php?rest_route=%2Fwp%2Fv2%2Fcategories&post=2660"},{"taxonomy":"post_tag","embeddable":true,"href":"https:\/\/ville-sous-anjou.fr\/index.php?rest_route=%2Fwp%2Fv2%2Ftags&post=2660"}],"curies":[{"name":"wp","href":"https:\/\/api.w.org\/{rel}","templated":true}]}}