{"id":2720,"date":"2022-07-25T14:40:19","date_gmt":"2022-07-25T14:40:19","guid":{"rendered":"https:\/\/ville-sous-anjou.fr\/?p=2720"},"modified":"2022-07-25T14:40:20","modified_gmt":"2022-07-25T14:40:20","slug":"balade-gourmande-le-dimanche-4-septembre-2022","status":"publish","type":"post","link":"https:\/\/ville-sous-anjou.fr\/?p=2720","title":{"rendered":"Balade gourmande le dimanche 4 septembre 2022!"},"content":{"rendered":"\n<p>Le Comit\u00e9 des F\u00eates organise \u00e0 Ville sous Anjou, sa 6i\u00e8me balade gourmande, d\u00e9part de la place de la Mairie . <\/p>\n\n\n\n<p><a href=\"http:\/\/ville-sous-anjou.fr\/wp-content\/uploads\/2022\/07\/Inscription-Balade-Gourmande-a-VILLE-SOUS-ANJOU-2022.pdf\" target=\"_blank\" rel=\"noreferrer noopener\">Toutes les informations sur le bulletin d&rsquo;inscription <\/a><\/p>\n","protected":false},"excerpt":{"rendered":"<p>Le Comit\u00e9 des F\u00eates organise \u00e0 Ville sous Anjou, sa 6i\u00e8me balade gourmande, d\u00e9part de la place de la Mairie . Toutes les informations sur le bulletin d&rsquo;inscription<\/p>\n","protected":false},"author":1,"featured_media":2722,"comment_status":"closed","ping_status":"closed","sticky":false,"template":"","format":"standard","meta":{"_exactmetrics_skip_tracking":false,"_exactmetrics_sitenote_active":false,"_exactmetrics_sitenote_note":"","_exactmetrics_sitenote_category":0,"footnotes":""},"categories":[23,11],"tags":[],"class_list":["post-2720","post","type-post","status-publish","format-standard","has-post-thumbnail","hentry","category-comite-des-fetes","category-loisirs"],"_links":{"self":[{"href":"https:\/\/ville-sous-anjou.fr\/index.php?rest_route=\/wp\/v2\/posts\/2720","targetHints":{"allow":["GET"]}}],"collection":[{"href":"https:\/\/ville-sous-anjou.fr\/index.php?rest_route=\/wp\/v2\/posts"}],"about":[{"href":"https:\/\/ville-sous-anjou.fr\/index.php?rest_route=\/wp\/v2\/types\/post"}],"author":[{"embeddable":true,"href":"https:\/\/ville-sous-anjou.fr\/index.php?rest_route=\/wp\/v2\/users\/1"}],"replies":[{"embeddable":true,"href":"https:\/\/ville-sous-anjou.fr\/index.php?rest_route=%2Fwp%2Fv2%2Fcomments&post=2720"}],"version-history":[{"count":1,"href":"https:\/\/ville-sous-anjou.fr\/index.php?rest_route=\/wp\/v2\/posts\/2720\/revisions"}],"predecessor-version":[{"id":2723,"href":"https:\/\/ville-sous-anjou.fr\/index.php?rest_route=\/wp\/v2\/posts\/2720\/revisions\/2723"}],"wp:featuredmedia":[{"embeddable":true,"href":"https:\/\/ville-sous-anjou.fr\/index.php?rest_route=\/wp\/v2\/media\/2722"}],"wp:attachment":[{"href":"https:\/\/ville-sous-anjou.fr\/index.php?rest_route=%2Fwp%2Fv2%2Fmedia&parent=2720"}],"wp:term":[{"taxonomy":"category","embeddable":true,"href":"https:\/\/ville-sous-anjou.fr\/index.php?rest_route=%2Fwp%2Fv2%2Fcategories&post=2720"},{"taxonomy":"post_tag","embeddable":true,"href":"https:\/\/ville-sous-anjou.fr\/index.php?rest_route=%2Fwp%2Fv2%2Ftags&post=2720"}],"curies":[{"name":"wp","href":"https:\/\/api.w.org\/{rel}","templated":true}]}}