{"id":2752,"date":"2022-10-24T06:42:46","date_gmt":"2022-10-24T06:42:46","guid":{"rendered":"https:\/\/ville-sous-anjou.fr\/?p=2752"},"modified":"2022-10-24T07:02:17","modified_gmt":"2022-10-24T07:02:17","slug":"mise-en-situation-alerte-secheresse-sur-lunite-de-gestion-sanne-vareze-4-vallees","status":"publish","type":"post","link":"https:\/\/ville-sous-anjou.fr\/?p=2752","title":{"rendered":"Mise en situation \u00a0\u00bb Alerte\u00a0\u00bb s\u00e9cheresse sur l&rsquo;Unit\u00e9 de Gestion Sanne-Var\u00e8ze- 4 Vall\u00e9es!"},"content":{"rendered":"\n<p><a href=\"http:\/\/ville-sous-anjou.fr\/wp-content\/uploads\/2022\/10\/Arrete-mise-en-situation-secheresse_Isere_20221019.pdf\" target=\"_blank\" rel=\"noreferrer noopener\">Arr\u00eat\u00e9 \u00e0 t\u00e9l\u00e9charger ici<\/a><\/p>\n\n\n\n<p><a href=\"http:\/\/ville-sous-anjou.fr\/wp-content\/uploads\/2022\/10\/2_Fiche_alerte_particuliers.pdf\" data-type=\"URL\" data-id=\"http:\/\/ville-sous-anjou.fr\/wp-content\/uploads\/2022\/10\/2_Fiche_alerte_particuliers.pdf\" target=\"_blank\" rel=\"noreferrer noopener\">Fiche Alert<\/a><a href=\"http:\/\/ville-sous-anjou.fr\/wp-content\/uploads\/2022\/10\/2_Fiche_alerte_particuliers.pdf\" data-type=\"URL\" data-id=\"http:\/\/ville-sous-anjou.fr\/wp-content\/uploads\/2022\/10\/2_Fiche_alerte_particuliers.pdf\">e ici<\/a><\/p>\n","protected":false},"excerpt":{"rendered":"<p>Arr\u00eat\u00e9 \u00e0 t\u00e9l\u00e9charger ici Fiche Alerte ici<\/p>\n","protected":false},"author":1,"featured_media":1702,"comment_status":"closed","ping_status":"closed","sticky":false,"template":"","format":"standard","meta":{"_exactmetrics_skip_tracking":false,"_exactmetrics_sitenote_active":false,"_exactmetrics_sitenote_note":"","_exactmetrics_sitenote_category":0,"footnotes":""},"categories":[9],"tags":[],"class_list":["post-2752","post","type-post","status-publish","format-standard","has-post-thumbnail","hentry","category-environnement"],"_links":{"self":[{"href":"https:\/\/ville-sous-anjou.fr\/index.php?rest_route=\/wp\/v2\/posts\/2752","targetHints":{"allow":["GET"]}}],"collection":[{"href":"https:\/\/ville-sous-anjou.fr\/index.php?rest_route=\/wp\/v2\/posts"}],"about":[{"href":"https:\/\/ville-sous-anjou.fr\/index.php?rest_route=\/wp\/v2\/types\/post"}],"author":[{"embeddable":true,"href":"https:\/\/ville-sous-anjou.fr\/index.php?rest_route=\/wp\/v2\/users\/1"}],"replies":[{"embeddable":true,"href":"https:\/\/ville-sous-anjou.fr\/index.php?rest_route=%2Fwp%2Fv2%2Fcomments&post=2752"}],"version-history":[{"count":1,"href":"https:\/\/ville-sous-anjou.fr\/index.php?rest_route=\/wp\/v2\/posts\/2752\/revisions"}],"predecessor-version":[{"id":2753,"href":"https:\/\/ville-sous-anjou.fr\/index.php?rest_route=\/wp\/v2\/posts\/2752\/revisions\/2753"}],"wp:featuredmedia":[{"embeddable":true,"href":"https:\/\/ville-sous-anjou.fr\/index.php?rest_route=\/wp\/v2\/media\/1702"}],"wp:attachment":[{"href":"https:\/\/ville-sous-anjou.fr\/index.php?rest_route=%2Fwp%2Fv2%2Fmedia&parent=2752"}],"wp:term":[{"taxonomy":"category","embeddable":true,"href":"https:\/\/ville-sous-anjou.fr\/index.php?rest_route=%2Fwp%2Fv2%2Fcategories&post=2752"},{"taxonomy":"post_tag","embeddable":true,"href":"https:\/\/ville-sous-anjou.fr\/index.php?rest_route=%2Fwp%2Fv2%2Ftags&post=2752"}],"curies":[{"name":"wp","href":"https:\/\/api.w.org\/{rel}","templated":true}]}}