{"id":2754,"date":"2022-10-27T14:29:25","date_gmt":"2022-10-27T14:29:25","guid":{"rendered":"https:\/\/ville-sous-anjou.fr\/?p=2754"},"modified":"2022-10-27T14:29:25","modified_gmt":"2022-10-27T14:29:25","slug":"modification-des-horaires-du-secretariat-de-mairie","status":"publish","type":"post","link":"https:\/\/ville-sous-anjou.fr\/?p=2754","title":{"rendered":"<strong>Modification des horaires&nbsp; du secr\u00e9tariat de Mairie<\/strong>"},"content":{"rendered":"\n<p><strong>Du lundi 31 octobre au vendredi 11 novembre:<\/strong><\/p>\n\n\n\n<p>L&rsquo;accueil du public sera ouvert:<\/p>\n\n\n\n<p>&#8211; lundi 31 octobre de 8h00 \u00e0 12h00<\/p>\n\n\n\n<p>-Mercredi 2 novembre de 8h00 \u00e0 12h00<\/p>\n\n\n\n<p>&#8211; Samedi 5 novembre de 10h00 \u00e0 12h00<\/p>\n\n\n\n<p>-Lundi 7 novembre de 8h00 \u00e0 12h00<\/p>\n\n\n\n<p>&#8211; Mercredi 9 novembre de 8h00 \u00e0 12h00<\/p>\n\n\n\n<p>Vous pouvez aussi joindre la Mairie par mail: <a href=\"mailto:mairie2.vsa@orange.fr\" target=\"_blank\" rel=\"noreferrer noopener\">mairie2.vsa@orange.fr<\/a><\/p>\n","protected":false},"excerpt":{"rendered":"<p>Du lundi 31 octobre au vendredi 11 novembre: L&rsquo;accueil du public sera ouvert: &#8211; lundi 31 octobre de 8h00 \u00e0 12h00 -Mercredi 2 novembre de 8h00 \u00e0 12h00 &#8211; Samedi 5 novembre de 10h00 \u00e0 12h00 -Lundi 7 novembre de 8h00 \u00e0 12h00 &#8211; Mercredi 9 novembre de 8h00 \u00e0 [&hellip;]<\/p>\n","protected":false},"author":1,"featured_media":2671,"comment_status":"closed","ping_status":"closed","sticky":false,"template":"","format":"standard","meta":{"_exactmetrics_skip_tracking":false,"_exactmetrics_sitenote_active":false,"_exactmetrics_sitenote_note":"","_exactmetrics_sitenote_category":0,"footnotes":""},"categories":[2,3],"tags":[],"class_list":["post-2754","post","type-post","status-publish","format-standard","has-post-thumbnail","hentry","category-actu","category-institution"],"_links":{"self":[{"href":"https:\/\/ville-sous-anjou.fr\/index.php?rest_route=\/wp\/v2\/posts\/2754","targetHints":{"allow":["GET"]}}],"collection":[{"href":"https:\/\/ville-sous-anjou.fr\/index.php?rest_route=\/wp\/v2\/posts"}],"about":[{"href":"https:\/\/ville-sous-anjou.fr\/index.php?rest_route=\/wp\/v2\/types\/post"}],"author":[{"embeddable":true,"href":"https:\/\/ville-sous-anjou.fr\/index.php?rest_route=\/wp\/v2\/users\/1"}],"replies":[{"embeddable":true,"href":"https:\/\/ville-sous-anjou.fr\/index.php?rest_route=%2Fwp%2Fv2%2Fcomments&post=2754"}],"version-history":[{"count":1,"href":"https:\/\/ville-sous-anjou.fr\/index.php?rest_route=\/wp\/v2\/posts\/2754\/revisions"}],"predecessor-version":[{"id":2755,"href":"https:\/\/ville-sous-anjou.fr\/index.php?rest_route=\/wp\/v2\/posts\/2754\/revisions\/2755"}],"wp:featuredmedia":[{"embeddable":true,"href":"https:\/\/ville-sous-anjou.fr\/index.php?rest_route=\/wp\/v2\/media\/2671"}],"wp:attachment":[{"href":"https:\/\/ville-sous-anjou.fr\/index.php?rest_route=%2Fwp%2Fv2%2Fmedia&parent=2754"}],"wp:term":[{"taxonomy":"category","embeddable":true,"href":"https:\/\/ville-sous-anjou.fr\/index.php?rest_route=%2Fwp%2Fv2%2Fcategories&post=2754"},{"taxonomy":"post_tag","embeddable":true,"href":"https:\/\/ville-sous-anjou.fr\/index.php?rest_route=%2Fwp%2Fv2%2Ftags&post=2754"}],"curies":[{"name":"wp","href":"https:\/\/api.w.org\/{rel}","templated":true}]}}