{"id":2756,"date":"2022-10-27T14:35:46","date_gmt":"2022-10-27T14:35:46","guid":{"rendered":"https:\/\/ville-sous-anjou.fr\/?p=2756"},"modified":"2022-11-17T08:59:51","modified_gmt":"2022-11-17T08:59:51","slug":"le-projet-de-revision-du-plu-a-ete-arrete-en-conseil-communautaire-eber-le-24-octobre-2022","status":"publish","type":"post","link":"https:\/\/ville-sous-anjou.fr\/?p=2756","title":{"rendered":"Le projet de r\u00e9vision du PLU a \u00e9t\u00e9 arr\u00eat\u00e9 en Conseil Communautaire EBER le 24 octobre 2022"},"content":{"rendered":"\n<p><\/p>\n\n\n\n<p>Le projet de r\u00e9vision arr\u00eat\u00e9 du PLU a \u00e9t\u00e9 remis aux Personnes Publiques Associ\u00e9es qui ont trois mois pour donner leur avis.<\/p>\n\n\n\n<p>Pendant cette p\u00e9riode, le dossier ne doit pas \u00eatre mis \u00e0 disposition du public. D\u00e8s l&rsquo;ouverture de l&rsquo;enqu\u00eate publique, pr\u00e9vue \u00e0&nbsp; partir de fin f\u00e9vrier 2023, le dossier sera rendu public.<\/p>\n\n\n\n<p><\/p>\n","protected":false},"excerpt":{"rendered":"<p>Le projet de r\u00e9vision arr\u00eat\u00e9 du PLU a \u00e9t\u00e9 remis aux Personnes Publiques Associ\u00e9es qui ont trois mois pour donner leur avis. Pendant cette p\u00e9riode, le dossier ne doit pas \u00eatre mis \u00e0 disposition du public. D\u00e8s l&rsquo;ouverture de l&rsquo;enqu\u00eate publique, pr\u00e9vue \u00e0&nbsp; partir de fin f\u00e9vrier 2023, le dossier [&hellip;]<\/p>\n","protected":false},"author":1,"featured_media":2763,"comment_status":"closed","ping_status":"closed","sticky":false,"template":"","format":"standard","meta":{"_exactmetrics_skip_tracking":false,"_exactmetrics_sitenote_active":false,"_exactmetrics_sitenote_note":"","_exactmetrics_sitenote_category":0,"footnotes":""},"categories":[26],"tags":[],"class_list":["post-2756","post","type-post","status-publish","format-standard","has-post-thumbnail","hentry","category-urbanisme"],"_links":{"self":[{"href":"https:\/\/ville-sous-anjou.fr\/index.php?rest_route=\/wp\/v2\/posts\/2756","targetHints":{"allow":["GET"]}}],"collection":[{"href":"https:\/\/ville-sous-anjou.fr\/index.php?rest_route=\/wp\/v2\/posts"}],"about":[{"href":"https:\/\/ville-sous-anjou.fr\/index.php?rest_route=\/wp\/v2\/types\/post"}],"author":[{"embeddable":true,"href":"https:\/\/ville-sous-anjou.fr\/index.php?rest_route=\/wp\/v2\/users\/1"}],"replies":[{"embeddable":true,"href":"https:\/\/ville-sous-anjou.fr\/index.php?rest_route=%2Fwp%2Fv2%2Fcomments&post=2756"}],"version-history":[{"count":6,"href":"https:\/\/ville-sous-anjou.fr\/index.php?rest_route=\/wp\/v2\/posts\/2756\/revisions"}],"predecessor-version":[{"id":2796,"href":"https:\/\/ville-sous-anjou.fr\/index.php?rest_route=\/wp\/v2\/posts\/2756\/revisions\/2796"}],"wp:featuredmedia":[{"embeddable":true,"href":"https:\/\/ville-sous-anjou.fr\/index.php?rest_route=\/wp\/v2\/media\/2763"}],"wp:attachment":[{"href":"https:\/\/ville-sous-anjou.fr\/index.php?rest_route=%2Fwp%2Fv2%2Fmedia&parent=2756"}],"wp:term":[{"taxonomy":"category","embeddable":true,"href":"https:\/\/ville-sous-anjou.fr\/index.php?rest_route=%2Fwp%2Fv2%2Fcategories&post=2756"},{"taxonomy":"post_tag","embeddable":true,"href":"https:\/\/ville-sous-anjou.fr\/index.php?rest_route=%2Fwp%2Fv2%2Ftags&post=2756"}],"curies":[{"name":"wp","href":"https:\/\/api.w.org\/{rel}","templated":true}]}}