{"id":2852,"date":"2023-04-20T15:03:07","date_gmt":"2023-04-20T15:03:07","guid":{"rendered":"https:\/\/ville-sous-anjou.fr\/?p=2852"},"modified":"2023-04-20T15:03:07","modified_gmt":"2023-04-20T15:03:07","slug":"ouverture-de-lenquete-publique-pour-la-revision-du-plu","status":"publish","type":"post","link":"https:\/\/ville-sous-anjou.fr\/?p=2852","title":{"rendered":"Ouverture de l&rsquo;enqu\u00eate publique pour la r\u00e9vision du PLU"},"content":{"rendered":"\n<p>L&rsquo;enqu\u00eate publique pour notre r\u00e9vision du PLU se d\u00e9roulera du 5 mai au 6 juin.<\/p>\n\n\n\n<p><a href=\"http:\/\/ville-sous-anjou.fr\/wp-content\/uploads\/2023\/04\/AFFICHE-ENQUETE-PUBLIQUE-PLU-Ville-sous-Anjou.pdf\" target=\"_blank\" rel=\"noreferrer noopener\">AFFICHE ENQUETE PUBLIQUE PLU Ville sous Anjou<\/a><\/p>\n\n\n\n<p><a href=\"http:\/\/ville-sous-anjou.fr\/wp-content\/uploads\/2023\/04\/Arrete-enquete-publique-PLU-Ville-sous-Anjou.pdf\" target=\"_blank\" rel=\"noreferrer noopener\">Arr\u00eat\u00e9 enqu\u00eate publique PLU Ville sous Anjou<\/a><\/p>\n","protected":false},"excerpt":{"rendered":"<p>L&rsquo;enqu\u00eate publique pour notre r\u00e9vision du PLU se d\u00e9roulera du 5 mai au 6 juin. AFFICHE ENQUETE PUBLIQUE PLU Ville sous Anjou Arr\u00eat\u00e9 enqu\u00eate publique PLU Ville sous Anjou<\/p>\n","protected":false},"author":1,"featured_media":2539,"comment_status":"closed","ping_status":"closed","sticky":false,"template":"","format":"standard","meta":{"_exactmetrics_skip_tracking":false,"_exactmetrics_sitenote_active":false,"_exactmetrics_sitenote_note":"","_exactmetrics_sitenote_category":0,"footnotes":""},"categories":[26],"tags":[],"class_list":["post-2852","post","type-post","status-publish","format-standard","has-post-thumbnail","hentry","category-urbanisme"],"_links":{"self":[{"href":"https:\/\/ville-sous-anjou.fr\/index.php?rest_route=\/wp\/v2\/posts\/2852","targetHints":{"allow":["GET"]}}],"collection":[{"href":"https:\/\/ville-sous-anjou.fr\/index.php?rest_route=\/wp\/v2\/posts"}],"about":[{"href":"https:\/\/ville-sous-anjou.fr\/index.php?rest_route=\/wp\/v2\/types\/post"}],"author":[{"embeddable":true,"href":"https:\/\/ville-sous-anjou.fr\/index.php?rest_route=\/wp\/v2\/users\/1"}],"replies":[{"embeddable":true,"href":"https:\/\/ville-sous-anjou.fr\/index.php?rest_route=%2Fwp%2Fv2%2Fcomments&post=2852"}],"version-history":[{"count":2,"href":"https:\/\/ville-sous-anjou.fr\/index.php?rest_route=\/wp\/v2\/posts\/2852\/revisions"}],"predecessor-version":[{"id":2887,"href":"https:\/\/ville-sous-anjou.fr\/index.php?rest_route=\/wp\/v2\/posts\/2852\/revisions\/2887"}],"wp:featuredmedia":[{"embeddable":true,"href":"https:\/\/ville-sous-anjou.fr\/index.php?rest_route=\/wp\/v2\/media\/2539"}],"wp:attachment":[{"href":"https:\/\/ville-sous-anjou.fr\/index.php?rest_route=%2Fwp%2Fv2%2Fmedia&parent=2852"}],"wp:term":[{"taxonomy":"category","embeddable":true,"href":"https:\/\/ville-sous-anjou.fr\/index.php?rest_route=%2Fwp%2Fv2%2Fcategories&post=2852"},{"taxonomy":"post_tag","embeddable":true,"href":"https:\/\/ville-sous-anjou.fr\/index.php?rest_route=%2Fwp%2Fv2%2Ftags&post=2852"}],"curies":[{"name":"wp","href":"https:\/\/api.w.org\/{rel}","templated":true}]}}