{"id":2916,"date":"2023-06-06T12:41:15","date_gmt":"2023-06-06T12:41:15","guid":{"rendered":"https:\/\/ville-sous-anjou.fr\/?p=2916"},"modified":"2023-06-06T12:41:16","modified_gmt":"2023-06-06T12:41:16","slug":"fete-de-la-musique-vendredi-16-juin","status":"publish","type":"post","link":"https:\/\/ville-sous-anjou.fr\/?p=2916","title":{"rendered":"F\u00eate de la musique vendredi 16 juin!"},"content":{"rendered":"\n<p>Le Comit\u00e9 des F\u00eates organise une soir\u00e9e concert vendredi 16 juin \u00e0 20h \u00e0 la salle Emile Romanet avec au programme le R\u00e9veil Sablonnais Serri\u00e8rois et La Musique de l&rsquo;Artillerie de Lyon.<\/p>\n\n\n\n<p>Entr\u00e9e gratuite. <\/p>\n\n\n\n<p><\/p>\n\n\n\n<p><a href=\"http:\/\/ville-sous-anjou.fr\/wp-content\/uploads\/2023\/06\/Affiche-16-juin_2.pdf\" target=\"_blank\" rel=\"noreferrer noopener\">Voir affiche jointe<\/a><\/p>\n","protected":false},"excerpt":{"rendered":"<p>Le Comit\u00e9 des F\u00eates organise une soir\u00e9e concert vendredi 16 juin \u00e0 20h \u00e0 la salle Emile Romanet avec au programme le R\u00e9veil Sablonnais Serri\u00e8rois et La Musique de l&rsquo;Artillerie de Lyon. Entr\u00e9e gratuite. Voir affiche jointe<\/p>\n","protected":false},"author":1,"featured_media":2918,"comment_status":"closed","ping_status":"closed","sticky":false,"template":"","format":"standard","meta":{"_exactmetrics_skip_tracking":false,"_exactmetrics_sitenote_active":false,"_exactmetrics_sitenote_note":"","_exactmetrics_sitenote_category":0,"footnotes":""},"categories":[23],"tags":[],"class_list":["post-2916","post","type-post","status-publish","format-standard","has-post-thumbnail","hentry","category-comite-des-fetes"],"_links":{"self":[{"href":"https:\/\/ville-sous-anjou.fr\/index.php?rest_route=\/wp\/v2\/posts\/2916","targetHints":{"allow":["GET"]}}],"collection":[{"href":"https:\/\/ville-sous-anjou.fr\/index.php?rest_route=\/wp\/v2\/posts"}],"about":[{"href":"https:\/\/ville-sous-anjou.fr\/index.php?rest_route=\/wp\/v2\/types\/post"}],"author":[{"embeddable":true,"href":"https:\/\/ville-sous-anjou.fr\/index.php?rest_route=\/wp\/v2\/users\/1"}],"replies":[{"embeddable":true,"href":"https:\/\/ville-sous-anjou.fr\/index.php?rest_route=%2Fwp%2Fv2%2Fcomments&post=2916"}],"version-history":[{"count":1,"href":"https:\/\/ville-sous-anjou.fr\/index.php?rest_route=\/wp\/v2\/posts\/2916\/revisions"}],"predecessor-version":[{"id":2919,"href":"https:\/\/ville-sous-anjou.fr\/index.php?rest_route=\/wp\/v2\/posts\/2916\/revisions\/2919"}],"wp:featuredmedia":[{"embeddable":true,"href":"https:\/\/ville-sous-anjou.fr\/index.php?rest_route=\/wp\/v2\/media\/2918"}],"wp:attachment":[{"href":"https:\/\/ville-sous-anjou.fr\/index.php?rest_route=%2Fwp%2Fv2%2Fmedia&parent=2916"}],"wp:term":[{"taxonomy":"category","embeddable":true,"href":"https:\/\/ville-sous-anjou.fr\/index.php?rest_route=%2Fwp%2Fv2%2Fcategories&post=2916"},{"taxonomy":"post_tag","embeddable":true,"href":"https:\/\/ville-sous-anjou.fr\/index.php?rest_route=%2Fwp%2Fv2%2Ftags&post=2916"}],"curies":[{"name":"wp","href":"https:\/\/api.w.org\/{rel}","templated":true}]}}